{"id":40618,"date":"2011-01-04T11:17:17","date_gmt":"2011-01-04T11:17:17","guid":{"rendered":"http:\/\/www.pcnen.com\/portal\/?p=40618"},"modified":"2011-01-04T11:17:17","modified_gmt":"2011-01-04T11:17:17","slug":"dzuda-kosovo-najtraumaticnija-tacka-evrope","status":"publish","type":"post","link":"https:\/\/www.pcnen.com\/portal\/2011\/01\/04\/dzuda-kosovo-najtraumaticnija-tacka-evrope\/","title":{"rendered":"D\u017euda: Kosovo najtraumati\u010dnija ta\u010dka Evrope"},"content":{"rendered":"<p>Novinar i analiti\u010dar prilika na zapadnom Balkanu Tim D\u017euda smatra da su u ovoj godini najve\u0107a opasnost rastu\u0107a politi\u010dka izolacija Kosova i njene potencijalne politi\u010dke posljedice, prenosi RSE. <\/p>\n<p>D\u017euda upozorava da \u0107e, ako Kosovo nastavi da zaostaje za ostatkom regiona, ili druge zemlje po\u010dnu da se distanciraju od nove kosovske vlade, dijelom zbog tvrdnji o izbornim kra\u0111ama, a dijelom zbog optu\u017ebi da je Ha&scaron;im Ta\u010di trgovao ljudskim organima, to moglo da ima dugoro\u010dne i nepredvidive posljedice. <\/p>\n<p>On to ilustruje \u010dinjenicom da se, poslije najnovijih izbora, tre\u0107a najve\u0107a stranka na Kosovu <em>Samoopredjeljenje<\/em> otvoreno zala\u017ee za pan-albansko ujedinjene, &scaron;to bi ozna\u010dilo vrstu &quot;povratka u budu\u0107nost&quot; cijelog Balkana.<\/p>\n","protected":false},"excerpt":{"rendered":"<p>Novinar i analiti\u010dar prilika na zapadnom Balkanu Tim D\u017euda smatra da su u ovoj godini najve\u0107a opasnost rastu\u0107a politi\u010dka izolacija Kosova i njene potencijalne politi\u010dke posljedice, prenosi RSE. D\u017euda upozorava da \u0107e, ako Kosovo nastavi da zaostaje za ostatkom regiona, ili druge zemlje po\u010dnu da se distanciraju od nove kosovske vlade, dijelom zbog tvrdnji o [&hellip;]<\/p>\n","protected":false},"author":1,"featured_media":0,"comment_status":"open","ping_status":"closed","sticky":false,"template":"","format":"standard","meta":{"_seopress_robots_primary_cat":"","_seopress_titles_title":"","_seopress_titles_desc":"","_seopress_robots_index":"","_et_pb_use_builder":"","_et_pb_old_content":"","_et_gb_content_width":"","inline_featured_image":false,"footnotes":""},"categories":[14],"tags":[],"class_list":["post-40618","post","type-post","status-publish","format-standard","hentry","category-vijesti"],"_links":{"self":[{"href":"https:\/\/www.pcnen.com\/portal\/wp-json\/wp\/v2\/posts\/40618","targetHints":{"allow":["GET"]}}],"collection":[{"href":"https:\/\/www.pcnen.com\/portal\/wp-json\/wp\/v2\/posts"}],"about":[{"href":"https:\/\/www.pcnen.com\/portal\/wp-json\/wp\/v2\/types\/post"}],"author":[{"embeddable":true,"href":"https:\/\/www.pcnen.com\/portal\/wp-json\/wp\/v2\/users\/1"}],"replies":[{"embeddable":true,"href":"https:\/\/www.pcnen.com\/portal\/wp-json\/wp\/v2\/comments?post=40618"}],"version-history":[{"count":0,"href":"https:\/\/www.pcnen.com\/portal\/wp-json\/wp\/v2\/posts\/40618\/revisions"}],"wp:attachment":[{"href":"https:\/\/www.pcnen.com\/portal\/wp-json\/wp\/v2\/media?parent=40618"}],"wp:term":[{"taxonomy":"category","embeddable":true,"href":"https:\/\/www.pcnen.com\/portal\/wp-json\/wp\/v2\/categories?post=40618"},{"taxonomy":"post_tag","embeddable":true,"href":"https:\/\/www.pcnen.com\/portal\/wp-json\/wp\/v2\/tags?post=40618"}],"curies":[{"name":"wp","href":"https:\/\/api.w.org\/{rel}","templated":true}]}}