{"id":406174,"date":"2024-07-02T20:59:11","date_gmt":"2024-07-02T18:59:11","guid":{"rendered":"https:\/\/www.pcnen.com\/portal\/?p=406174"},"modified":"2024-07-02T21:00:15","modified_gmt":"2024-07-02T19:00:15","slug":"spajic-rezolucija-o-jasenovcu-nam-steti","status":"publish","type":"post","link":"https:\/\/www.pcnen.com\/portal\/2024\/07\/02\/spajic-rezolucija-o-jasenovcu-nam-steti\/","title":{"rendered":"Spaji\u0107: Rezolucija o Jasenovcu nam \u0161teti"},"content":{"rendered":"<p>Crnogorski premijer i lider Pokret Evropa sad, najja\u010de partije parlamentarne ve\u0107ine, priznao je, u <a href=\"https:\/\/www.politico.eu\/article\/holocaust-vote-montenegro-eu-accession-world-war-2-death-camp-jasenovac-croatia-milojko-spajic\/\" target=\"_blank\" rel=\"noopener\">intervjuu<\/a> briselskom portalu Politico, da nedavno usvojena rezolucija o jsistemu logora Jasenovac, Dahau i Mauthauzen \u0161teti Crnoj Gori.<\/p>\n<p>&#8220;\u0160teti nam, definitivno nam ne poma\u017ee&#8221;, rekao je\u00a0 Spaji\u0107 za Politico.<\/p>\n<p>Premijer je opisao svoju administraciju kao &#8220;zaista optimisti\u010dnu i odu\u0161evljenu&#8221; nakon \u0161to je savladala veliki izazov u pregovorima o pristupanju EU na me\u0111uvladinoj konferenciji u Briselu 26. jun.<\/p>\n<blockquote class=\"wp-embedded-content\" data-secret=\"32JcEYmWuU\"><p><a href=\"https:\/\/www.pcnen.com\/portal\/2024\/06\/28\/skupstina-vecina-usvojila-rezolucije-o-genocidu-u-jasenovcu-dahau-i-mauthauzenu\/\">Skup\u0161tina: Ve\u0107ina usvojila rezolucije o genocidu u Jasenovcu, Dahau i Mauthauzenu<\/a><\/p><\/blockquote>\n<p><iframe loading=\"lazy\" class=\"wp-embedded-content\" sandbox=\"allow-scripts\" security=\"restricted\" style=\"position: absolute; clip: rect(1px, 1px, 1px, 1px);\" title=\"&#8220;Skup\u0161tina: Ve\u0107ina usvojila rezolucije o genocidu u Jasenovcu, Dahau i Mauthauzenu&#8221; &#8212; PCNEN\" src=\"https:\/\/www.pcnen.com\/portal\/2024\/06\/28\/skupstina-vecina-usvojila-rezolucije-o-genocidu-u-jasenovcu-dahau-i-mauthauzenu\/embed\/#?secret=yLx3nu9pgA#?secret=32JcEYmWuU\" data-secret=\"32JcEYmWuU\" width=\"600\" height=\"338\" frameborder=\"0\" marginwidth=\"0\" marginheight=\"0\" scrolling=\"no\"><\/iframe><\/p>\n","protected":false},"excerpt":{"rendered":"<p>Crnogorski premijer i lider Pokret Evropa sad, najja\u010de partije parlamentarne ve\u0107ine, priznao je, u intervjuu briselskom magazinu Politico, da nedavno usvojena rezolucija o jsistemu logora Jasenovac, Dahau i Mauthauzen \u0161teti Crnoj Gori<\/p>\n","protected":false},"author":1,"featured_media":388781,"comment_status":"open","ping_status":"closed","sticky":false,"template":"","format":"standard","meta":{"_seopress_robots_primary_cat":"none","_seopress_titles_title":"","_seopress_titles_desc":"","_seopress_robots_index":"","_et_pb_use_builder":"","_et_pb_old_content":"","_et_gb_content_width":"","inline_featured_image":false,"footnotes":""},"categories":[14],"tags":[],"class_list":["post-406174","post","type-post","status-publish","format-standard","has-post-thumbnail","hentry","category-vijesti"],"_links":{"self":[{"href":"https:\/\/www.pcnen.com\/portal\/wp-json\/wp\/v2\/posts\/406174","targetHints":{"allow":["GET"]}}],"collection":[{"href":"https:\/\/www.pcnen.com\/portal\/wp-json\/wp\/v2\/posts"}],"about":[{"href":"https:\/\/www.pcnen.com\/portal\/wp-json\/wp\/v2\/types\/post"}],"author":[{"embeddable":true,"href":"https:\/\/www.pcnen.com\/portal\/wp-json\/wp\/v2\/users\/1"}],"replies":[{"embeddable":true,"href":"https:\/\/www.pcnen.com\/portal\/wp-json\/wp\/v2\/comments?post=406174"}],"version-history":[{"count":2,"href":"https:\/\/www.pcnen.com\/portal\/wp-json\/wp\/v2\/posts\/406174\/revisions"}],"predecessor-version":[{"id":406178,"href":"https:\/\/www.pcnen.com\/portal\/wp-json\/wp\/v2\/posts\/406174\/revisions\/406178"}],"wp:featuredmedia":[{"embeddable":true,"href":"https:\/\/www.pcnen.com\/portal\/wp-json\/wp\/v2\/media\/388781"}],"wp:attachment":[{"href":"https:\/\/www.pcnen.com\/portal\/wp-json\/wp\/v2\/media?parent=406174"}],"wp:term":[{"taxonomy":"category","embeddable":true,"href":"https:\/\/www.pcnen.com\/portal\/wp-json\/wp\/v2\/categories?post=406174"},{"taxonomy":"post_tag","embeddable":true,"href":"https:\/\/www.pcnen.com\/portal\/wp-json\/wp\/v2\/tags?post=406174"}],"curies":[{"name":"wp","href":"https:\/\/api.w.org\/{rel}","templated":true}]}}