{"id":406166,"date":"2024-07-02T19:37:20","date_gmt":"2024-07-02T17:37:20","guid":{"rendered":"https:\/\/www.pcnen.com\/portal\/?p=406166"},"modified":"2024-07-02T19:37:20","modified_gmt":"2024-07-02T17:37:20","slug":"ukrajina-odbila-orbanov-mirovni-predlog","status":"publish","type":"post","link":"https:\/\/www.pcnen.com\/portal\/2024\/07\/02\/ukrajina-odbila-orbanov-mirovni-predlog\/","title":{"rendered":"Ukrajina odbila Orbanov mirovni predlog"},"content":{"rendered":"<p>Ukrajina je odbila predlog ma\u0111arskog premijera Viktora Orbana o prekidu vatre, izjavio je zamjenik \u0161efa kabineta Volodimira Zelenskog, prenosi TASS.<\/p>\n<p>Prethodno su mediji javili da je Orban, koji je danas doputovao u posjetu Kijevu, predlo\u017eio Zelenskom da obustavi vatru i da po\u010dne pregovore sa Rusijom.<\/p>\n<p>Ma\u0111arski premijer je izjavio i da \u0107e za Savjet EU pripremiti izvje\u0161taj o razgovoru sa Zelenskim kako bi Unija mogla da donese odgovaraju\u0107e odluke, javljaju RIA Novosti, prenosi RT Balkan.<\/p>\n<p>Ovo je prva poseta Orbana Ukrajini tokom posljednjih 12 godina.<\/p>\n<p>Ma\u0111arska i njena vlada predvo\u0111ena Orbanom ju\u010de su zapo\u010dele \u0161estomjese\u010dno predsjedavanje u Savjetu EU, a kao klju\u010dan prioritet navedeni su obnova mira i bezbjednost Evrope, ali i pro\u0161irenje Unije na zemlje Zapadnog Balkana.<\/p>\n<blockquote class=\"wp-embedded-content\" data-secret=\"tCxd5hbShf\"><p><a href=\"https:\/\/www.pcnen.com\/portal\/2024\/07\/02\/orban-otisao-kod-zelenskog-u-kijev\/\">Orban oti\u0161ao kod Zelenskog u Kijev<\/a><\/p><\/blockquote>\n<p><iframe loading=\"lazy\" class=\"wp-embedded-content\" sandbox=\"allow-scripts\" security=\"restricted\" style=\"position: absolute; clip: rect(1px, 1px, 1px, 1px);\" title=\"&#8220;Orban oti\u0161ao kod Zelenskog u Kijev&#8221; &#8212; PCNEN\" src=\"https:\/\/www.pcnen.com\/portal\/2024\/07\/02\/orban-otisao-kod-zelenskog-u-kijev\/embed\/#?secret=g7Zx6uVJzG#?secret=tCxd5hbShf\" data-secret=\"tCxd5hbShf\" width=\"600\" height=\"338\" frameborder=\"0\" marginwidth=\"0\" marginheight=\"0\" scrolling=\"no\"><\/iframe><\/p>\n","protected":false},"excerpt":{"rendered":"<p>Ukrajina je odbila predlog ma\u0111arskog premijera Viktora Orbana o prekidu vatre, izjavio je zamjenik \u0161efa kabineta Volodimira Zelenskog, prenosi TASS<\/p>\n","protected":false},"author":1,"featured_media":406104,"comment_status":"open","ping_status":"closed","sticky":false,"template":"","format":"standard","meta":{"_seopress_robots_primary_cat":"none","_seopress_titles_title":"","_seopress_titles_desc":"","_seopress_robots_index":"","_et_pb_use_builder":"","_et_pb_old_content":"","_et_gb_content_width":"","inline_featured_image":false,"footnotes":""},"categories":[14],"tags":[],"class_list":["post-406166","post","type-post","status-publish","format-standard","has-post-thumbnail","hentry","category-vijesti"],"_links":{"self":[{"href":"https:\/\/www.pcnen.com\/portal\/wp-json\/wp\/v2\/posts\/406166","targetHints":{"allow":["GET"]}}],"collection":[{"href":"https:\/\/www.pcnen.com\/portal\/wp-json\/wp\/v2\/posts"}],"about":[{"href":"https:\/\/www.pcnen.com\/portal\/wp-json\/wp\/v2\/types\/post"}],"author":[{"embeddable":true,"href":"https:\/\/www.pcnen.com\/portal\/wp-json\/wp\/v2\/users\/1"}],"replies":[{"embeddable":true,"href":"https:\/\/www.pcnen.com\/portal\/wp-json\/wp\/v2\/comments?post=406166"}],"version-history":[{"count":1,"href":"https:\/\/www.pcnen.com\/portal\/wp-json\/wp\/v2\/posts\/406166\/revisions"}],"predecessor-version":[{"id":406169,"href":"https:\/\/www.pcnen.com\/portal\/wp-json\/wp\/v2\/posts\/406166\/revisions\/406169"}],"wp:featuredmedia":[{"embeddable":true,"href":"https:\/\/www.pcnen.com\/portal\/wp-json\/wp\/v2\/media\/406104"}],"wp:attachment":[{"href":"https:\/\/www.pcnen.com\/portal\/wp-json\/wp\/v2\/media?parent=406166"}],"wp:term":[{"taxonomy":"category","embeddable":true,"href":"https:\/\/www.pcnen.com\/portal\/wp-json\/wp\/v2\/categories?post=406166"},{"taxonomy":"post_tag","embeddable":true,"href":"https:\/\/www.pcnen.com\/portal\/wp-json\/wp\/v2\/tags?post=406166"}],"curies":[{"name":"wp","href":"https:\/\/api.w.org\/{rel}","templated":true}]}}