{"id":406148,"date":"2024-07-02T15:44:20","date_gmt":"2024-07-02T13:44:20","guid":{"rendered":"https:\/\/www.pcnen.com\/portal\/?p=406148"},"modified":"2024-07-02T15:44:20","modified_gmt":"2024-07-02T13:44:20","slug":"mup-o-steti-zbog-nevremena","status":"publish","type":"post","link":"https:\/\/www.pcnen.com\/portal\/2024\/07\/02\/mup-o-steti-zbog-nevremena\/","title":{"rendered":"MUP o \u0161teti zbog nevremena"},"content":{"rendered":"<p>Nevremenom koje je zahvatilo Crnu Goru, posebno je pogo\u0111en Primorski region u kojem na\u017ealost imamo i izgubljene \u017eivote.<\/p>\n<p>U \u010canju, na gradili\u0161tu \u017eivot je izgubio turski dr\u017eavljanin dok je u Radovi\u0107ima od udarca groma stradalo jedno lice.<\/p>\n<p>U Petrovcu je jedno lice spa\u0161eno iz vode a\u00a0 u Luci Bar je jedan radnik lak\u0161e povrije\u0111en.<\/p>\n<p>Pri\u010dinjena ja zna\u010dajna materijalna \u0161teta u luci Bar, Ulcinju, Kotoru i Budvi. U sredi\u0161njem i sjevernom dijelu Crne Gore pri\u010dinjena je manja materijalna \u0161teta u vidu oboranih stabala, bez ve\u0107ih o\u0161te\u0107enja, pi\u0161e u saop\u0161tenju MUP.<\/p>\n<p>Sve slu\u017ebe za\u0161tite i spa\u0161avanja su na terenu kao i slu\u017ebenici Podru\u010dnih jedinica Direktorata za za\u0161titu i spa\u0161avanje MUP-a.<\/p>\n<p>Iz tehni\u010dkih razloga Zavod za hidrometerologiju i sezmologiju nije mogao predvidjeti ja\u010dinu i vremenski interval oluje.<\/p>\n<blockquote class=\"wp-embedded-content\" data-secret=\"wyewd98LrJ\"><p><a href=\"https:\/\/www.pcnen.com\/portal\/2024\/07\/02\/u-canju-pao-kran-poginuo-radnik\/\">U \u010canju pao kran, poginuo radnik<\/a><\/p><\/blockquote>\n<p><iframe loading=\"lazy\" class=\"wp-embedded-content\" sandbox=\"allow-scripts\" security=\"restricted\" style=\"position: absolute; clip: rect(1px, 1px, 1px, 1px);\" title=\"&#8220;U \u010canju pao kran, poginuo radnik&#8221; &#8212; PCNEN\" src=\"https:\/\/www.pcnen.com\/portal\/2024\/07\/02\/u-canju-pao-kran-poginuo-radnik\/embed\/#?secret=DKctolQ3ni#?secret=wyewd98LrJ\" data-secret=\"wyewd98LrJ\" width=\"600\" height=\"338\" frameborder=\"0\" marginwidth=\"0\" marginheight=\"0\" scrolling=\"no\"><\/iframe><\/p>\n","protected":false},"excerpt":{"rendered":"<p>Nevremenom koje je zahvatilo Crnu Goru, posebno je pogo\u0111en Primorski region u kojem na\u017ealost imamo i izgubljene \u017eivote.<\/p>\n","protected":false},"author":1,"featured_media":406151,"comment_status":"open","ping_status":"closed","sticky":false,"template":"","format":"standard","meta":{"_seopress_robots_primary_cat":"none","_seopress_titles_title":"","_seopress_titles_desc":"","_seopress_robots_index":"","_et_pb_use_builder":"","_et_pb_old_content":"","_et_gb_content_width":"","inline_featured_image":false,"footnotes":""},"categories":[14],"tags":[],"class_list":["post-406148","post","type-post","status-publish","format-standard","has-post-thumbnail","hentry","category-vijesti"],"_links":{"self":[{"href":"https:\/\/www.pcnen.com\/portal\/wp-json\/wp\/v2\/posts\/406148","targetHints":{"allow":["GET"]}}],"collection":[{"href":"https:\/\/www.pcnen.com\/portal\/wp-json\/wp\/v2\/posts"}],"about":[{"href":"https:\/\/www.pcnen.com\/portal\/wp-json\/wp\/v2\/types\/post"}],"author":[{"embeddable":true,"href":"https:\/\/www.pcnen.com\/portal\/wp-json\/wp\/v2\/users\/1"}],"replies":[{"embeddable":true,"href":"https:\/\/www.pcnen.com\/portal\/wp-json\/wp\/v2\/comments?post=406148"}],"version-history":[{"count":1,"href":"https:\/\/www.pcnen.com\/portal\/wp-json\/wp\/v2\/posts\/406148\/revisions"}],"predecessor-version":[{"id":406152,"href":"https:\/\/www.pcnen.com\/portal\/wp-json\/wp\/v2\/posts\/406148\/revisions\/406152"}],"wp:featuredmedia":[{"embeddable":true,"href":"https:\/\/www.pcnen.com\/portal\/wp-json\/wp\/v2\/media\/406151"}],"wp:attachment":[{"href":"https:\/\/www.pcnen.com\/portal\/wp-json\/wp\/v2\/media?parent=406148"}],"wp:term":[{"taxonomy":"category","embeddable":true,"href":"https:\/\/www.pcnen.com\/portal\/wp-json\/wp\/v2\/categories?post=406148"},{"taxonomy":"post_tag","embeddable":true,"href":"https:\/\/www.pcnen.com\/portal\/wp-json\/wp\/v2\/tags?post=406148"}],"curies":[{"name":"wp","href":"https:\/\/api.w.org\/{rel}","templated":true}]}}