{"id":40614,"date":"2011-01-03T23:03:23","date_gmt":"2011-01-03T23:03:23","guid":{"rendered":"http:\/\/www.pcnen.com\/portal\/?p=40614"},"modified":"2011-01-03T23:03:23","modified_gmt":"2011-01-03T23:03:23","slug":"slovenija-preuzela-ulogu-ambasade-za-kontakt-cg-sa-nato","status":"publish","type":"post","link":"https:\/\/www.pcnen.com\/portal\/2011\/01\/03\/slovenija-preuzela-ulogu-ambasade-za-kontakt-cg-sa-nato\/","title":{"rendered":"Slovenija preuzela ulogu ambasade za kontakt CG sa NATO"},"content":{"rendered":"<p>Slovena\u010dka ambasada u Podgorici danas je od Ma\u0111arske preuzela ulogu ambasade za kontakt NATO-a u Crnoj Gori koju \u0107e obavljati do 2012. godine.<\/p>\n<p>lasti u Ljubljani isti\u010du da je preuzimanje te funkcije dobra prilika za dodatno ja\u010danje odnosa izme\u0111u Crne Gore i Slovenije. <\/p>\n<p>Slovenija namjerava da se prije svega posveti oblasti javne diplomatije i pomo\u0107i Crnoj Gori u sprovo\u0111enju vojnih i odbrambenih reformi iz crnogorskog akcionog plana za \u010dlanstvo u NATO, &scaron;to u praksi zna\u010di da organizuje seminare, konferencije, orkugle stolove i javne rasprave o aktivnostima NATO-a i Crne Gore, koje su usmjerene na njeno pribli\u017eavanje Alijansi i na dobijanje kona\u010dnog poziva za \u010dlanstvo, prenosi <em>RSE<\/em>.<\/p>\n","protected":false},"excerpt":{"rendered":"<p>Slovena\u010dka ambasada u Podgorici danas je od Ma\u0111arske preuzela ulogu ambasade za kontakt NATO-a u Crnoj Gori koju \u0107e obavljati do 2012. godine. lasti u Ljubljani isti\u010du da je preuzimanje te funkcije dobra prilika za dodatno ja\u010danje odnosa izme\u0111u Crne Gore i Slovenije. Slovenija namjerava da se prije svega posveti oblasti javne diplomatije i pomo\u0107i [&hellip;]<\/p>\n","protected":false},"author":1,"featured_media":0,"comment_status":"open","ping_status":"closed","sticky":false,"template":"","format":"standard","meta":{"_seopress_robots_primary_cat":"","_seopress_titles_title":"","_seopress_titles_desc":"","_seopress_robots_index":"","_et_pb_use_builder":"","_et_pb_old_content":"","_et_gb_content_width":"","inline_featured_image":false,"footnotes":""},"categories":[14],"tags":[],"class_list":["post-40614","post","type-post","status-publish","format-standard","hentry","category-vijesti"],"_links":{"self":[{"href":"https:\/\/www.pcnen.com\/portal\/wp-json\/wp\/v2\/posts\/40614","targetHints":{"allow":["GET"]}}],"collection":[{"href":"https:\/\/www.pcnen.com\/portal\/wp-json\/wp\/v2\/posts"}],"about":[{"href":"https:\/\/www.pcnen.com\/portal\/wp-json\/wp\/v2\/types\/post"}],"author":[{"embeddable":true,"href":"https:\/\/www.pcnen.com\/portal\/wp-json\/wp\/v2\/users\/1"}],"replies":[{"embeddable":true,"href":"https:\/\/www.pcnen.com\/portal\/wp-json\/wp\/v2\/comments?post=40614"}],"version-history":[{"count":0,"href":"https:\/\/www.pcnen.com\/portal\/wp-json\/wp\/v2\/posts\/40614\/revisions"}],"wp:attachment":[{"href":"https:\/\/www.pcnen.com\/portal\/wp-json\/wp\/v2\/media?parent=40614"}],"wp:term":[{"taxonomy":"category","embeddable":true,"href":"https:\/\/www.pcnen.com\/portal\/wp-json\/wp\/v2\/categories?post=40614"},{"taxonomy":"post_tag","embeddable":true,"href":"https:\/\/www.pcnen.com\/portal\/wp-json\/wp\/v2\/tags?post=40614"}],"curies":[{"name":"wp","href":"https:\/\/api.w.org\/{rel}","templated":true}]}}