{"id":406120,"date":"2024-07-02T12:09:35","date_gmt":"2024-07-02T10:09:35","guid":{"rendered":"https:\/\/www.pcnen.com\/portal\/?p=406120"},"modified":"2024-07-02T12:22:20","modified_gmt":"2024-07-02T10:22:20","slug":"u-canju-pao-kran-poginuo-radnik","status":"publish","type":"post","link":"https:\/\/www.pcnen.com\/portal\/2024\/07\/02\/u-canju-pao-kran-poginuo-radnik\/","title":{"rendered":"U \u010canju pao kran, poginuo radnik"},"content":{"rendered":"<p>Od nevremena koje je danas zahvatilo Crnu Goru, u \u010canju je poginuo radnik koji je upravljao kranom na gradili\u0161tu \u201c\u010celebi\u0107\u201d,<a href=\"http:\/\/barinfo.me\/veliko-nevrijeme-pogodilo-bar-u-luci-oborene-dizalice\/\" target=\"_blank\" rel=\"noopener\">javio<\/a> je lokalni portal Barinfo.me. Oluja je oborila kran.<\/p>\n<p>U Luci Bar oborene su dizalice i pretovarni mostovi. Prema prvim, nezvani\u010dnim podaci, jedna osoba je lak\u0161e povrije\u0111ena.<\/p>\n<p>Olujni vjetar je pri\u010dinio \u0161tetu i u drugim crnogorskim gradovima.<\/p>\n<p><iframe loading=\"lazy\" title=\"Poplavljene ulice u Budvi\" width=\"1080\" height=\"608\" src=\"https:\/\/www.youtube.com\/embed\/RvP6qUZjhts?feature=oembed\"  allow=\"accelerometer; autoplay; clipboard-write; encrypted-media; gyroscope; picture-in-picture; web-share\" referrerpolicy=\"strict-origin-when-cross-origin\" allowfullscreen><\/iframe><\/p>\n","protected":false},"excerpt":{"rendered":"<p>Od nevremena koje je danas zahvatilo Crnu Goru, u \u010canju je poginuo radnik koji je upravljao kranom na gradili\u0161tu \u201c\u010celebi\u0107\u201d<\/p>\n","protected":false},"author":1,"featured_media":305633,"comment_status":"open","ping_status":"closed","sticky":false,"template":"","format":"standard","meta":{"_seopress_robots_primary_cat":"none","_seopress_titles_title":"","_seopress_titles_desc":"","_seopress_robots_index":"","_et_pb_use_builder":"","_et_pb_old_content":"","_et_gb_content_width":"","inline_featured_image":false,"footnotes":""},"categories":[14],"tags":[],"class_list":["post-406120","post","type-post","status-publish","format-standard","has-post-thumbnail","hentry","category-vijesti"],"_links":{"self":[{"href":"https:\/\/www.pcnen.com\/portal\/wp-json\/wp\/v2\/posts\/406120","targetHints":{"allow":["GET"]}}],"collection":[{"href":"https:\/\/www.pcnen.com\/portal\/wp-json\/wp\/v2\/posts"}],"about":[{"href":"https:\/\/www.pcnen.com\/portal\/wp-json\/wp\/v2\/types\/post"}],"author":[{"embeddable":true,"href":"https:\/\/www.pcnen.com\/portal\/wp-json\/wp\/v2\/users\/1"}],"replies":[{"embeddable":true,"href":"https:\/\/www.pcnen.com\/portal\/wp-json\/wp\/v2\/comments?post=406120"}],"version-history":[{"count":3,"href":"https:\/\/www.pcnen.com\/portal\/wp-json\/wp\/v2\/posts\/406120\/revisions"}],"predecessor-version":[{"id":406125,"href":"https:\/\/www.pcnen.com\/portal\/wp-json\/wp\/v2\/posts\/406120\/revisions\/406125"}],"wp:featuredmedia":[{"embeddable":true,"href":"https:\/\/www.pcnen.com\/portal\/wp-json\/wp\/v2\/media\/305633"}],"wp:attachment":[{"href":"https:\/\/www.pcnen.com\/portal\/wp-json\/wp\/v2\/media?parent=406120"}],"wp:term":[{"taxonomy":"category","embeddable":true,"href":"https:\/\/www.pcnen.com\/portal\/wp-json\/wp\/v2\/categories?post=406120"},{"taxonomy":"post_tag","embeddable":true,"href":"https:\/\/www.pcnen.com\/portal\/wp-json\/wp\/v2\/tags?post=406120"}],"curies":[{"name":"wp","href":"https:\/\/api.w.org\/{rel}","templated":true}]}}