{"id":406116,"date":"2024-07-02T11:51:19","date_gmt":"2024-07-02T09:51:19","guid":{"rendered":"https:\/\/www.pcnen.com\/portal\/?p=406116"},"modified":"2024-07-02T11:51:19","modified_gmt":"2024-07-02T09:51:19","slug":"dw-kraj-javnog-medijskog-servisa-u-slovackoj","status":"publish","type":"post","link":"https:\/\/www.pcnen.com\/portal\/2024\/07\/02\/dw-kraj-javnog-medijskog-servisa-u-slovackoj\/","title":{"rendered":"DW: Kraj javnog medijskog servisa u Slova\u010dkoj"},"content":{"rendered":"<p>Na snagu je ju\u010de stupio novi slova\u010dki zakon o medijma koji je ukinuo javni nacionalni medijski servis i ozakonio njegovo pretvaranje u dr\u017eavnu radio-televiziju.<\/p>\n<p>Parlament Slova\u010dke je 20. juna ove godine po hitnom postupku usvojila sporni zakon o medijima za koji je glasalo 78 poslanika od ukupno 150 \u2013 sve redom predstavnici vladaju\u0107e nacionalisti\u010dko-narodnja\u010dke trostrana\u010dke koalicije. Opozicija je glasanje bojkotovala.<\/p>\n<p>&#8220;Bojimo se da novi zakon ima samo jedan cilj: da kontroli\u0161e \u0161ta \u0107e se emitovati\u201c, rekla je novinarka RTVS Sona Vajsova njema\u010dkoj novinskoj agenciji KNA. Pritisak Ficove vlade, ka\u017ee, nije ograni\u010den samo na javne medije. To uti\u010de i na privatne TV-ku\u0107e i novine, ali i na institucije kulture, <a href=\"https:\/\/www.dw.com\/sr\/na-red-su-do%C5%A1li-mediji-kraj-javnog-servisa-u-slova%C4%8Dkoj\/a-69532544\" target=\"_blank\" rel=\"noopener\">prenosi<\/a> DW.<\/p>\n","protected":false},"excerpt":{"rendered":"<p>Na snagu je ju\u010de stupio novi slova\u010dki zakon o medijma koji je ukinuo javni nacionalni medijski servis i ozakonio njegovo pretvaranje u dr\u017eavnu radio-televiziju<\/p>\n","protected":false},"author":1,"featured_media":343676,"comment_status":"open","ping_status":"closed","sticky":false,"template":"","format":"standard","meta":{"_seopress_robots_primary_cat":"none","_seopress_titles_title":"","_seopress_titles_desc":"","_seopress_robots_index":"","_et_pb_use_builder":"","_et_pb_old_content":"","_et_gb_content_width":"","inline_featured_image":false,"footnotes":""},"categories":[14],"tags":[],"class_list":["post-406116","post","type-post","status-publish","format-standard","has-post-thumbnail","hentry","category-vijesti"],"_links":{"self":[{"href":"https:\/\/www.pcnen.com\/portal\/wp-json\/wp\/v2\/posts\/406116","targetHints":{"allow":["GET"]}}],"collection":[{"href":"https:\/\/www.pcnen.com\/portal\/wp-json\/wp\/v2\/posts"}],"about":[{"href":"https:\/\/www.pcnen.com\/portal\/wp-json\/wp\/v2\/types\/post"}],"author":[{"embeddable":true,"href":"https:\/\/www.pcnen.com\/portal\/wp-json\/wp\/v2\/users\/1"}],"replies":[{"embeddable":true,"href":"https:\/\/www.pcnen.com\/portal\/wp-json\/wp\/v2\/comments?post=406116"}],"version-history":[{"count":1,"href":"https:\/\/www.pcnen.com\/portal\/wp-json\/wp\/v2\/posts\/406116\/revisions"}],"predecessor-version":[{"id":406119,"href":"https:\/\/www.pcnen.com\/portal\/wp-json\/wp\/v2\/posts\/406116\/revisions\/406119"}],"wp:featuredmedia":[{"embeddable":true,"href":"https:\/\/www.pcnen.com\/portal\/wp-json\/wp\/v2\/media\/343676"}],"wp:attachment":[{"href":"https:\/\/www.pcnen.com\/portal\/wp-json\/wp\/v2\/media?parent=406116"}],"wp:term":[{"taxonomy":"category","embeddable":true,"href":"https:\/\/www.pcnen.com\/portal\/wp-json\/wp\/v2\/categories?post=406116"},{"taxonomy":"post_tag","embeddable":true,"href":"https:\/\/www.pcnen.com\/portal\/wp-json\/wp\/v2\/tags?post=406116"}],"curies":[{"name":"wp","href":"https:\/\/api.w.org\/{rel}","templated":true}]}}