{"id":406112,"date":"2024-07-02T11:09:28","date_gmt":"2024-07-02T09:09:28","guid":{"rendered":"https:\/\/www.pcnen.com\/portal\/?p=406112"},"modified":"2024-07-02T11:09:28","modified_gmt":"2024-07-02T09:09:28","slug":"stotine-izraelskih-oficira-zele-se-osloboditi-vojne-sluzbe","status":"publish","type":"post","link":"https:\/\/www.pcnen.com\/portal\/2024\/07\/02\/stotine-izraelskih-oficira-zele-se-osloboditi-vojne-sluzbe\/","title":{"rendered":"Stotine izraelskih oficira \u017eele se osloboditi vojne slu\u017ebe"},"content":{"rendered":"<p>Izraelski Channel 12 je javio da je tokom ove godine oko 900 izraelskih oficira razli\u010ditih \u010dinova zatra\u017eilo razmatranje mogu\u0107nosti za njihovo osloba\u0111anje od slu\u017eenja vojnog roka, dok broj takvih zahtjeva ranije nije bio ve\u0107i od 150.<\/p>\n<p>Izraelski list Haaretz navodi da su desetine rezervnih vojnika najavili da se ne\u0107e vratiti u vojnu slu\u017ebu u Gazu, \u010dak i u slu\u010daju da budu ka\u017enjeni, <a href=\"https:\/\/balkans.aljazeera.net\/news\/2024\/7\/2\/stotine-izraelskih-oficira-zele-da-se-oslobode-vojne-sluzbe\" target=\"_blank\" rel=\"noopener\">prenosi<\/a> Al D\u017eazira.<\/p>\n<p>Sve ovo de\u0161ava se u vrijeme dok izraelski mediji izvje\u0161tavaju o stotinama rezervnih vojnika u izraelskoj vojsci, koji svakog mjeseca, bez obavje\u0161tenja svojih nadre\u0111enih, odlaze u inostranstvo, a u svjetlu nastavka rata u Gazi, gdje su izraelske snage proteklih mjeseci pretrpjele velike gubitke.<\/p>\n<p>Zauzvrat, izraelska web-stranica Walla navodi da vojska pati od nedostatka vojnika, te da nastoji formirati novu diviziju za izvr\u0161enje razli\u010ditih zadataka.<\/p>\n<p>Na sajtu se dodaje da \u0107e vojska diviziju nazvati \u201cDavid divizija\u201d, a uklju\u010diva\u0107e \u200b\u200bmu\u0161ke i \u017eenske vojnike koji su navr\u0161ili dob za izuze\u0107e od vojne slu\u017ebe, dobrovoljce i pripadnike Hareda, te bi tako vojska mogla regrutovati novih 40.000 boraca.<\/p>\n<p>Internet stranica citira vojne izvore koji ka\u017eu da bi regrutovanje ovih boraca moglo doprinijeti izvr\u0161enju vi\u0161e zadataka, uklju\u010duju\u0107i sigurnost granica i Zapadne obale, te rat na vi\u0161e frontova u budu\u0107nosti.<\/p>\n","protected":false},"excerpt":{"rendered":"<p>Izraelski Channel 12 je javio da je tokom ove godine oko 900 izraelskih oficira razli\u010ditih \u010dinova zatra\u017eilo razmatranje mogu\u0107nosti za njihovo osloba\u0111anje od slu\u017eenja vojnog roka, dok broj takvih zahtjeva ranije nije bio ve\u0107i od 150.<\/p>\n","protected":false},"author":1,"featured_media":401096,"comment_status":"open","ping_status":"closed","sticky":false,"template":"","format":"standard","meta":{"_seopress_robots_primary_cat":"none","_seopress_titles_title":"","_seopress_titles_desc":"","_seopress_robots_index":"","_et_pb_use_builder":"","_et_pb_old_content":"","_et_gb_content_width":"","inline_featured_image":false,"footnotes":""},"categories":[14],"tags":[],"class_list":["post-406112","post","type-post","status-publish","format-standard","has-post-thumbnail","hentry","category-vijesti"],"_links":{"self":[{"href":"https:\/\/www.pcnen.com\/portal\/wp-json\/wp\/v2\/posts\/406112","targetHints":{"allow":["GET"]}}],"collection":[{"href":"https:\/\/www.pcnen.com\/portal\/wp-json\/wp\/v2\/posts"}],"about":[{"href":"https:\/\/www.pcnen.com\/portal\/wp-json\/wp\/v2\/types\/post"}],"author":[{"embeddable":true,"href":"https:\/\/www.pcnen.com\/portal\/wp-json\/wp\/v2\/users\/1"}],"replies":[{"embeddable":true,"href":"https:\/\/www.pcnen.com\/portal\/wp-json\/wp\/v2\/comments?post=406112"}],"version-history":[{"count":1,"href":"https:\/\/www.pcnen.com\/portal\/wp-json\/wp\/v2\/posts\/406112\/revisions"}],"predecessor-version":[{"id":406115,"href":"https:\/\/www.pcnen.com\/portal\/wp-json\/wp\/v2\/posts\/406112\/revisions\/406115"}],"wp:featuredmedia":[{"embeddable":true,"href":"https:\/\/www.pcnen.com\/portal\/wp-json\/wp\/v2\/media\/401096"}],"wp:attachment":[{"href":"https:\/\/www.pcnen.com\/portal\/wp-json\/wp\/v2\/media?parent=406112"}],"wp:term":[{"taxonomy":"category","embeddable":true,"href":"https:\/\/www.pcnen.com\/portal\/wp-json\/wp\/v2\/categories?post=406112"},{"taxonomy":"post_tag","embeddable":true,"href":"https:\/\/www.pcnen.com\/portal\/wp-json\/wp\/v2\/tags?post=406112"}],"curies":[{"name":"wp","href":"https:\/\/api.w.org\/{rel}","templated":true}]}}