{"id":40608,"date":"2011-01-03T19:44:13","date_gmt":"2011-01-03T19:44:13","guid":{"rendered":"http:\/\/www.pcnen.com\/portal\/?p=40608"},"modified":"2011-01-03T19:44:13","modified_gmt":"2011-01-03T19:44:13","slug":"teske-optuzbe-na-racun-crnogorske-nezavisnosti","status":"publish","type":"post","link":"https:\/\/www.pcnen.com\/portal\/2011\/01\/03\/teske-optuzbe-na-racun-crnogorske-nezavisnosti\/","title":{"rendered":"Te\u0161ke optu\u017ebe na ra\u010dun crnogorske nezavisnosti"},"content":{"rendered":"<p><\/p>\n<p>Britanski list <em><a href=\"http:\/\/www.express.co.uk\/posts\/view\/220688\/Montenegro-fury-over-Gray-s-claims-of-ethnic-cleansing\">Sandej Ekspres<\/a><\/em> pi&scaron;e da je morala da reaguje i crnogorska ambasada u Londonu.<\/p>\n<p>U tekstu pod naslovom <em>Crnogorski bijes zbog Grejovih tvrdnji o etni\u010dkom \u010di&scaron;\u0107enju,<\/em> list pi&scaron;e da je Grej tokom debate u &scaron;kotskom parlamentu pred Novu godinu napao lidera &Scaron;kotske narodne partije koja se bori za nezavisnost &Scaron;kotske od Velike Britanije, jer je uporedio &Scaron;kotsku sa crnogorskom borbom za nezavisnost. <\/p>\n<p>Grej je rekao da je Crna Gora morala da pro\u0111e kroz dva svjetska rata, balkanski konflikt, etni\u010dko \u010di&scaron;\u0107enje, ratne zlo\u010dine i mirovnu misiju UN da bi, potom, za 40 dana do&scaron;la do nezavisnosti.<\/p>\n<p>Otpravnica poslove crnogorske ambasade Marijana \u017divkovi\u0107 je protestovala zbog Grejovih komentara i izrazila duboko \u017ealjenje. Ona je kazala da je Grejeva izjava &quot;prosto ne stoji, jer nije ta\u010dna&quot;.<\/p>\n<p>List&nbsp;prenosi da je \u017divkovi\u0107 kazala da je Crna Gora jedina od dr\u017eava biv&scaron;e Jugoslavije u kojoj nije bilo ratnih razaranja devedesetih godina i da u Crnoj Gori nije bilo etni\u010dkog \u010di&scaron;\u0107enja.<\/p>\n<p>Crnogorska ambasada i &Scaron;kotska narodna partija pozvale su Greja da se izvini i povu\u010de svoju izjavu, ali su iz Laburisti\u010dke partije saop&scaron;tili da njegovi komentari nijesu bili kritika Crne Gore, ve\u0107 da je sticanje nezavisnosti stavljeno u &scaron;iri kontekst zbivanja na ovim prostorima u zadnjih stotinu godina.<\/p>\n","protected":false},"excerpt":{"rendered":"<p>Lider britanske opozicione Laburisti\u010dke partije u &Scaron;kotskoj Jan Grej je&nbsp;izazvao diplomatski incident optu\u017eiv&scaron;i Crnu Goru da je bila umije&scaron;ana u ratne zlo\u010dine i etni\u010dko \u010di&scaron;\u0107enje, te da je, izme\u0111u ostalog, i na taj na\u010din do&scaron;la do nezavisnosti.<\/p>\n","protected":false},"author":1,"featured_media":0,"comment_status":"open","ping_status":"closed","sticky":false,"template":"","format":"standard","meta":{"_seopress_robots_primary_cat":"","_seopress_titles_title":"","_seopress_titles_desc":"","_seopress_robots_index":"","_et_pb_use_builder":"","_et_pb_old_content":"","_et_gb_content_width":"","inline_featured_image":false,"footnotes":""},"categories":[14],"tags":[],"class_list":["post-40608","post","type-post","status-publish","format-standard","hentry","category-vijesti"],"_links":{"self":[{"href":"https:\/\/www.pcnen.com\/portal\/wp-json\/wp\/v2\/posts\/40608","targetHints":{"allow":["GET"]}}],"collection":[{"href":"https:\/\/www.pcnen.com\/portal\/wp-json\/wp\/v2\/posts"}],"about":[{"href":"https:\/\/www.pcnen.com\/portal\/wp-json\/wp\/v2\/types\/post"}],"author":[{"embeddable":true,"href":"https:\/\/www.pcnen.com\/portal\/wp-json\/wp\/v2\/users\/1"}],"replies":[{"embeddable":true,"href":"https:\/\/www.pcnen.com\/portal\/wp-json\/wp\/v2\/comments?post=40608"}],"version-history":[{"count":0,"href":"https:\/\/www.pcnen.com\/portal\/wp-json\/wp\/v2\/posts\/40608\/revisions"}],"wp:attachment":[{"href":"https:\/\/www.pcnen.com\/portal\/wp-json\/wp\/v2\/media?parent=40608"}],"wp:term":[{"taxonomy":"category","embeddable":true,"href":"https:\/\/www.pcnen.com\/portal\/wp-json\/wp\/v2\/categories?post=40608"},{"taxonomy":"post_tag","embeddable":true,"href":"https:\/\/www.pcnen.com\/portal\/wp-json\/wp\/v2\/tags?post=40608"}],"curies":[{"name":"wp","href":"https:\/\/api.w.org\/{rel}","templated":true}]}}