{"id":40606,"date":"2011-01-03T16:18:04","date_gmt":"2011-01-03T16:18:04","guid":{"rendered":"http:\/\/www.pcnen.com\/portal\/?p=40606"},"modified":"2011-01-03T16:18:04","modified_gmt":"2011-01-03T16:18:04","slug":"vujanovic-necu-podnijeti-ostavku","status":"publish","type":"post","link":"https:\/\/www.pcnen.com\/portal\/2011\/01\/03\/vujanovic-necu-podnijeti-ostavku\/","title":{"rendered":"Vujanovi\u0107: Ne\u0107u podnijeti ostavku"},"content":{"rendered":"<p>Predsjednik Filip Vujanovi\u0107 negirao je danas u Bijelom Polju da \u0107e podnijeti ostavku na funkciji na kojoj je i dodao da bi to bilo &quot;neozbiljno i neodgovorno&quot;. <\/p>\n<p>On je rekao da \u0107e po&scaron;tovati mandat koji su mu dali gra\u0111ani na izborima. <\/p>\n<p>&quot;Bilo bi neozbiljno i neodgovorno da na bilo koji na\u010din taj mandat ne po&scaron;tujem. Do kraja \u0107u po&scaron;tovati povjerenje i mandat koji su mi gradjani dali i ono &scaron;to sam svojim programom ishodovao na predsjedni\u010dkim izborima. I to \u0107e biti konstanta moje du\u017enosti&quot;, rekao je Vujanovi\u0107 koji je i potpredsjednik Demokratske partije socijalista. <\/p>\n<p>On je povodom slu\u010daja Zavala ponovio da treba po&scaron;tovati prezumpciju nevinosti, odnosno, da niko nije kriv dok se to ne doka\u017ee.<\/p>\n<p>Vujanovi\u0107 je negirao i da je u Demokratskoj partiji socijalista pri\u010dano o tom predmetu, jer smatra da nijedan sudski predmet ne treba da bude pod partijskom opservacijom. <\/p>\n<p>&quot;Nije bilo potrebe da se o tom, kao ni o bilo kom drugom sudskom predmetu, partijski razgovara, niti je to ne&scaron;to &scaron;to je imanentno DPS, niti ljudima koji su na visokim partijskim funkcijama. Tako \u0107e biti i ubudu\u0107e&quot;, rekao je Vujanovi\u0107 u Bijelom Polju. <\/p>\n","protected":false},"excerpt":{"rendered":"<p>Predsjednik Filip Vujanovi\u0107 negirao je danas u Bijelom Polju da \u0107e podnijeti ostavku na funkciji na kojoj je i dodao da bi to bilo &quot;neozbiljno i neodgovorno&quot;. On je rekao da \u0107e po&scaron;tovati mandat koji su mu dali gra\u0111ani na izborima. &quot;Bilo bi neozbiljno i neodgovorno da na bilo koji na\u010din taj mandat ne po&scaron;tujem. [&hellip;]<\/p>\n","protected":false},"author":1,"featured_media":0,"comment_status":"open","ping_status":"closed","sticky":false,"template":"","format":"standard","meta":{"_seopress_robots_primary_cat":"","_seopress_titles_title":"","_seopress_titles_desc":"","_seopress_robots_index":"","_et_pb_use_builder":"","_et_pb_old_content":"","_et_gb_content_width":"","inline_featured_image":false,"footnotes":""},"categories":[14],"tags":[],"class_list":["post-40606","post","type-post","status-publish","format-standard","hentry","category-vijesti"],"_links":{"self":[{"href":"https:\/\/www.pcnen.com\/portal\/wp-json\/wp\/v2\/posts\/40606","targetHints":{"allow":["GET"]}}],"collection":[{"href":"https:\/\/www.pcnen.com\/portal\/wp-json\/wp\/v2\/posts"}],"about":[{"href":"https:\/\/www.pcnen.com\/portal\/wp-json\/wp\/v2\/types\/post"}],"author":[{"embeddable":true,"href":"https:\/\/www.pcnen.com\/portal\/wp-json\/wp\/v2\/users\/1"}],"replies":[{"embeddable":true,"href":"https:\/\/www.pcnen.com\/portal\/wp-json\/wp\/v2\/comments?post=40606"}],"version-history":[{"count":0,"href":"https:\/\/www.pcnen.com\/portal\/wp-json\/wp\/v2\/posts\/40606\/revisions"}],"wp:attachment":[{"href":"https:\/\/www.pcnen.com\/portal\/wp-json\/wp\/v2\/media?parent=40606"}],"wp:term":[{"taxonomy":"category","embeddable":true,"href":"https:\/\/www.pcnen.com\/portal\/wp-json\/wp\/v2\/categories?post=40606"},{"taxonomy":"post_tag","embeddable":true,"href":"https:\/\/www.pcnen.com\/portal\/wp-json\/wp\/v2\/tags?post=40606"}],"curies":[{"name":"wp","href":"https:\/\/api.w.org\/{rel}","templated":true}]}}