{"id":406041,"date":"2024-07-01T14:46:14","date_gmt":"2024-07-01T12:46:14","guid":{"rendered":"https:\/\/www.pcnen.com\/portal\/?p=406041"},"modified":"2024-07-01T14:46:14","modified_gmt":"2024-07-01T12:46:14","slug":"ministarstvo-vanjskih-poslova-cg-odgovorilo-na-notu-republike-hrvatske","status":"publish","type":"post","link":"https:\/\/www.pcnen.com\/portal\/2024\/07\/01\/ministarstvo-vanjskih-poslova-cg-odgovorilo-na-notu-republike-hrvatske\/","title":{"rendered":"Ministarstvo vanjskih poslova CG odgovorilo na notu Republike Hrvatske"},"content":{"rendered":"<p>Ministarstvo vanjskih poslova Crne Gore odgovorilo je na notu Ministarstva vanjskih i evropskih poslova Republike Hrvatske u vezi sa usvajanjem Rezolucije genocidu u logorima Jasenovac, Dahau i Mauthausen.<\/p>\n<p>U noti se navodi da Ministarstvo vanjskih poslova izra\u017eava \u017ealjenje \u0161to Republika Hrvatska namjeru Crne Gore da se i ovom Rezolucijom, izme\u0111u ostalog, osude zlo\u010dini na tlu biv\u0161e Jugoslavije, izrazi pijetet prema \u017ertvama svih zlo\u010dina i po\u0161tovanje prema njihovim porodicama do\u017eivljava kao atak na dobrosusjedske odnose dvije dr\u017eave.<\/p>\n<p>U odgovoru se ponovo ukazuje na to da je neupitna \u010dinjenica da su se zlo\u010dini u logoru Jasenovac de\u0161avali pod komandom profa\u0161isti\u010dkog re\u017eima NDH i da se oni nikada nijesu i ne mogu dovoditi u vezu sa dana\u0161njom Hrvatskom, koja i sama osu\u0111uje ove zlo\u010dine, njeguje kulturu sje\u0107anja za sve \u017ertve logora Jasenovac i promovi\u0161e politiku pomirenja.<\/p>\n<p>Tako\u0111e, isti\u010de se da su na vanjskopoliti\u010dkom planu prioriteti Crne Gore dobrosusjedski odnosi i punopravno \u010dlanstvo u EU, kao i da je Crna Gora iskreno zahvalna Republici Hrvatskoj na nespornoj i dragocjenoj podr\u0161ci u svim integracionim procesima.<\/p>\n<p>Crna Gora je, kako se navodi, posve\u0107ena daljem razvijanju prijateljskih, otvorenih i savezni\u010dkih odnosa sa Republikom Hrvatskom, te \u017eeli da u dobroj vjeri nastavi da rje\u0161ava sva bilateralna pitanja od posebnog interesa. U odgovoru je ponovljen vi\u0161e puta izre\u010den poziv na formiranje komisije koja bi se time bavila.<\/p>\n<blockquote class=\"wp-embedded-content\" data-secret=\"qu9I9MwdqE\"><p><a href=\"https:\/\/www.pcnen.com\/portal\/2024\/06\/28\/hrvatska-reagovala-na-usvajanje-rezolucije-o-jasenovcu\/\">Hrvatska reagovala na usvajanje rezolucije o Jasenovcu<\/a><\/p><\/blockquote>\n<p><iframe loading=\"lazy\" class=\"wp-embedded-content\" sandbox=\"allow-scripts\" security=\"restricted\" style=\"position: absolute; clip: rect(1px, 1px, 1px, 1px);\" title=\"&#8220;Hrvatska reagovala na usvajanje rezolucije o Jasenovcu&#8221; &#8212; PCNEN\" src=\"https:\/\/www.pcnen.com\/portal\/2024\/06\/28\/hrvatska-reagovala-na-usvajanje-rezolucije-o-jasenovcu\/embed\/#?secret=DZVFUA7has#?secret=qu9I9MwdqE\" data-secret=\"qu9I9MwdqE\" width=\"600\" height=\"338\" frameborder=\"0\" marginwidth=\"0\" marginheight=\"0\" scrolling=\"no\"><\/iframe><\/p>\n<p>&nbsp;<\/p>\n","protected":false},"excerpt":{"rendered":"<p>U noti se navodi da Ministarstvo vanjskih poslova izra\u017eava \u017ealjenje \u0161to Republika Hrvatska namjeru Crne Gore da se i ovom Rezolucijom, izme\u0111u ostalog, osude zlo\u010dini na tlu biv\u0161e Jugoslavije, izrazi pijetet prema \u017ertvama svih zlo\u010dina i po\u0161tovanje prema njihovim porodicama do\u017eivljava kao atak na dobrosusjedske odnose dvije dr\u017eave<\/p>\n","protected":false},"author":1,"featured_media":402252,"comment_status":"open","ping_status":"closed","sticky":false,"template":"","format":"standard","meta":{"_seopress_robots_primary_cat":"none","_seopress_titles_title":"","_seopress_titles_desc":"","_seopress_robots_index":"","_et_pb_use_builder":"","_et_pb_old_content":"","_et_gb_content_width":"","inline_featured_image":false,"footnotes":""},"categories":[14],"tags":[],"class_list":["post-406041","post","type-post","status-publish","format-standard","has-post-thumbnail","hentry","category-vijesti"],"_links":{"self":[{"href":"https:\/\/www.pcnen.com\/portal\/wp-json\/wp\/v2\/posts\/406041","targetHints":{"allow":["GET"]}}],"collection":[{"href":"https:\/\/www.pcnen.com\/portal\/wp-json\/wp\/v2\/posts"}],"about":[{"href":"https:\/\/www.pcnen.com\/portal\/wp-json\/wp\/v2\/types\/post"}],"author":[{"embeddable":true,"href":"https:\/\/www.pcnen.com\/portal\/wp-json\/wp\/v2\/users\/1"}],"replies":[{"embeddable":true,"href":"https:\/\/www.pcnen.com\/portal\/wp-json\/wp\/v2\/comments?post=406041"}],"version-history":[{"count":1,"href":"https:\/\/www.pcnen.com\/portal\/wp-json\/wp\/v2\/posts\/406041\/revisions"}],"predecessor-version":[{"id":406044,"href":"https:\/\/www.pcnen.com\/portal\/wp-json\/wp\/v2\/posts\/406041\/revisions\/406044"}],"wp:featuredmedia":[{"embeddable":true,"href":"https:\/\/www.pcnen.com\/portal\/wp-json\/wp\/v2\/media\/402252"}],"wp:attachment":[{"href":"https:\/\/www.pcnen.com\/portal\/wp-json\/wp\/v2\/media?parent=406041"}],"wp:term":[{"taxonomy":"category","embeddable":true,"href":"https:\/\/www.pcnen.com\/portal\/wp-json\/wp\/v2\/categories?post=406041"},{"taxonomy":"post_tag","embeddable":true,"href":"https:\/\/www.pcnen.com\/portal\/wp-json\/wp\/v2\/tags?post=406041"}],"curies":[{"name":"wp","href":"https:\/\/api.w.org\/{rel}","templated":true}]}}