{"id":406031,"date":"2024-07-01T11:40:38","date_gmt":"2024-07-01T09:40:38","guid":{"rendered":"https:\/\/www.pcnen.com\/portal\/?p=406031"},"modified":"2024-07-01T11:40:38","modified_gmt":"2024-07-01T09:40:38","slug":"preminuo-albanski-pisac-ismail-kadare","status":"publish","type":"post","link":"https:\/\/www.pcnen.com\/portal\/2024\/07\/01\/preminuo-albanski-pisac-ismail-kadare\/","title":{"rendered":"Preminuo albanski pisac Ismail Kadare"},"content":{"rendered":"<p>Albanski pisac Ismail Kadare umro je jutros u 89. godini, javili su danas njegov izdava\u010d i bolnica.<\/p>\n<p>Kadare je umro od sr\u010danog udara, saop\u0161tila je bolnica u Tirani.<\/p>\n<p>Kadare je postao me\u0111unarodno poznat poslije objavljivanja djela &#8220;General mrtve vojske&#8221; 1963. godine kada je Albanijom i dalje vladala komunisti\u010dka vlada pokojnog diktatora Envera Hod\u017ee.<\/p>\n<p>Pobjegao je iz Albanije u Francusku 1990. godine, samo nekoliko mjeseci prije pada komunisti\u010dkog re\u017eima posle studentskih protesta prethodnog decembra. \u017divio je u Parizu i nedavno se vratio u Tiranu.<\/p>\n<p>Sarkasti\u010dni etnograf, pisac koji smjenjuje groteskno i epsko, Kadare je istra\u017eivao mitove i istoriju svoje zemlje, da bi secirao mehanizme univerzalnog zla, totalitarizma, pi\u0161e agencija Frans pres, podsje\u0107aju\u0107i da je Albanija decenijama \u017eivjela pod diktaturom Envera Hod\u017ee, jedne od najzatvorenijih na svijetu, prenosi Beta.<\/p>\n<p>&#8220;Komunisti\u010dki pakao, kao svaki drugi pakao je zagu\u0161uju\u0107i&#8221;, rekao je pisac u jednom od svojih posljednjih intervjua u oktobru.<\/p>\n<p>&#8220;Ali u knji\u017eevnosti, to se pretvara u snagu \u017eivota, snagu koja ti poma\u017ee da pre\u017eivi\u0161, da pobijedi\u0161 diktaturu uzdignute glave&#8221;, rekao je tada on.<\/p>\n<p>&#8220;Knji\u017eevnost mi je dala sve ono \u0161to imam danas, bila je smisao mog \u017eivota, dala mi je hrabrost da pru\u017eim otpor, sre\u0107u i nadu da sve prevazi\u0111em&#8221;, rekao je tada ve\u0107 oslabljeni Kadare u razgovoru u svojoj ku\u0107i u Tirani, glavnom gradu Albanije.<\/p>\n<p>Kadare je dobitnik brojnih me\u0111unarodnih nagrada sa svoja djela koja uklju\u010duju vi\u0161e od 80 romana, pozori\u0161nih komada, scenarija, pjesama, eseja, a djela su mu prevedena na 45 jezika. U nekoliko navrata se pominjao kao moguc\u0301i kandidat za Nobelovu nagradu za knji\u017eevnost.<\/p>\n<p>Autor je romana &#8220;Slomljeni april&#8221;, &#8220;Hronika u kamenu&#8221;, &#8220;Zamak&#8221;, &#8220;General mrtve vojske&#8221;, kao i mnogih drugih djela i jedan je od najpopularnijih li\u010dnosti albanske knji\u017eevnosti vi\u0161e od 60 godina.<\/p>\n","protected":false},"excerpt":{"rendered":"<p>Albanski pisac Ismail Kadare umro je jutros u 89. godini, javili su danas njegov izdava\u010d i bolnica.<\/p>\n","protected":false},"author":1,"featured_media":406035,"comment_status":"open","ping_status":"closed","sticky":false,"template":"","format":"standard","meta":{"_seopress_robots_primary_cat":"none","_seopress_titles_title":"","_seopress_titles_desc":"","_seopress_robots_index":"","_et_pb_use_builder":"","_et_pb_old_content":"","_et_gb_content_width":"","inline_featured_image":false,"footnotes":""},"categories":[14],"tags":[],"class_list":["post-406031","post","type-post","status-publish","format-standard","has-post-thumbnail","hentry","category-vijesti"],"_links":{"self":[{"href":"https:\/\/www.pcnen.com\/portal\/wp-json\/wp\/v2\/posts\/406031","targetHints":{"allow":["GET"]}}],"collection":[{"href":"https:\/\/www.pcnen.com\/portal\/wp-json\/wp\/v2\/posts"}],"about":[{"href":"https:\/\/www.pcnen.com\/portal\/wp-json\/wp\/v2\/types\/post"}],"author":[{"embeddable":true,"href":"https:\/\/www.pcnen.com\/portal\/wp-json\/wp\/v2\/users\/1"}],"replies":[{"embeddable":true,"href":"https:\/\/www.pcnen.com\/portal\/wp-json\/wp\/v2\/comments?post=406031"}],"version-history":[{"count":1,"href":"https:\/\/www.pcnen.com\/portal\/wp-json\/wp\/v2\/posts\/406031\/revisions"}],"predecessor-version":[{"id":406036,"href":"https:\/\/www.pcnen.com\/portal\/wp-json\/wp\/v2\/posts\/406031\/revisions\/406036"}],"wp:featuredmedia":[{"embeddable":true,"href":"https:\/\/www.pcnen.com\/portal\/wp-json\/wp\/v2\/media\/406035"}],"wp:attachment":[{"href":"https:\/\/www.pcnen.com\/portal\/wp-json\/wp\/v2\/media?parent=406031"}],"wp:term":[{"taxonomy":"category","embeddable":true,"href":"https:\/\/www.pcnen.com\/portal\/wp-json\/wp\/v2\/categories?post=406031"},{"taxonomy":"post_tag","embeddable":true,"href":"https:\/\/www.pcnen.com\/portal\/wp-json\/wp\/v2\/tags?post=406031"}],"curies":[{"name":"wp","href":"https:\/\/api.w.org\/{rel}","templated":true}]}}