{"id":406018,"date":"2024-07-01T10:01:13","date_gmt":"2024-07-01T08:01:13","guid":{"rendered":"https:\/\/www.pcnen.com\/portal\/?p=406018"},"modified":"2024-07-01T10:01:13","modified_gmt":"2024-07-01T08:01:13","slug":"hitne-uzbune-u-americkim-bazama-u-evropi","status":"publish","type":"post","link":"https:\/\/www.pcnen.com\/portal\/2024\/07\/01\/hitne-uzbune-u-americkim-bazama-u-evropi\/","title":{"rendered":"Hitne uzbune u ameri\u010dkim bazama u Evropi"},"content":{"rendered":"<p>Nekoliko ameri\u010dkih vojnih baza \u0161irom Evrope proglasilo je uzbunu i nalazi se u stanju pove\u0107ane pripravnosti<a href=\"https:\/\/edition.cnn.com\/2024\/06\/30\/politics\/us-military-bases-europe-alert\/index.html\">, javlja CNN.<\/a><\/p>\n<p>Nivo uzbune dignut je na drugi najvi\u0161i zbog teroristi\u010dkog napada koji bi mogao ciljati ameri\u010dko vojno osoblje i objekte, prenosi CNN rije\u010di dvojice ameri\u010dkih funkcionera.<\/p>\n<p>Baze, uklju\u010duju\u0107i garnizon ameri\u010dke vojske u \u0160tutgartu u Njema\u010dkoj, gdje je sjedi\u0161te ameri\u010dke Evropske komande, podigle su u nedjelju nivo pripravnosti na stanje za\u0161tite snaga &#8220;Charlie&#8221;, rekli su funkcioneri.<\/p>\n<p>Taj se status &#8220;primjenjuje kada se dogodi incident ili se primi obavje\u0161tajni podatak koji ukazuje na neki oblik teroristi\u010dke akcije ili ciljanja na osoblje ili objekte&#8221;, pravilo je ameri\u010dke vojske.<\/p>\n<p>Portparol ameri\u010dke komande za Evropu Dan Day odbio je komentarisati pove\u0107ani nivo pripravnosti.<\/p>\n<p>Jedan od ameri\u010dkih funkcionera, koji je stacioniran u bazi u Evropi, rekao je za CNN da ovaj nivo\u00a0prijetnje nisu vidjeli &#8220;najmanje 10 godina&#8221; i rekao da to obi\u010dno zna\u010di da je vojska primila &#8220;aktivnu-pouzdanu prijetnju&#8221;.<\/p>\n<p>Nije jasno koji su obavje\u0161tajni podaci pokrenuli poja\u010danu sigurnost ali, pi\u0161e CNN, evropski funkcioneri danima upozoravaju na potencijalnu teroristi\u010dku prijetnju na kontinentu, posebno uo\u010di Olimpijskih igara u Parizu u julu i tiokom aktuelnog Evropskog prvenstva u Njema\u010dkoj, <a href=\"https:\/\/www.jutarnji.hr\/vijesti\/svijet\/uzbune-u-americkim-bazama-u-europi-vojska-u-stanju-pojacane-pripravnosti-cnn-ista-razina-nije-aktivirana-10-godina-15477053\">prenosi Jutarnji.hr<\/a><\/p>\n","protected":false},"excerpt":{"rendered":"<p>Nekoliko ameri\u010dkih vojnih baza \u0161irom Evrope proglasilo je uzbunu i nalazi se u stanju pove\u0107ane pripravnosti, javlja CNN.<\/p>\n","protected":false},"author":1,"featured_media":406021,"comment_status":"open","ping_status":"closed","sticky":false,"template":"","format":"standard","meta":{"_seopress_robots_primary_cat":"none","_seopress_titles_title":"","_seopress_titles_desc":"","_seopress_robots_index":"","_et_pb_use_builder":"","_et_pb_old_content":"","_et_gb_content_width":"","inline_featured_image":false,"footnotes":""},"categories":[14],"tags":[],"class_list":["post-406018","post","type-post","status-publish","format-standard","has-post-thumbnail","hentry","category-vijesti"],"_links":{"self":[{"href":"https:\/\/www.pcnen.com\/portal\/wp-json\/wp\/v2\/posts\/406018","targetHints":{"allow":["GET"]}}],"collection":[{"href":"https:\/\/www.pcnen.com\/portal\/wp-json\/wp\/v2\/posts"}],"about":[{"href":"https:\/\/www.pcnen.com\/portal\/wp-json\/wp\/v2\/types\/post"}],"author":[{"embeddable":true,"href":"https:\/\/www.pcnen.com\/portal\/wp-json\/wp\/v2\/users\/1"}],"replies":[{"embeddable":true,"href":"https:\/\/www.pcnen.com\/portal\/wp-json\/wp\/v2\/comments?post=406018"}],"version-history":[{"count":1,"href":"https:\/\/www.pcnen.com\/portal\/wp-json\/wp\/v2\/posts\/406018\/revisions"}],"predecessor-version":[{"id":406022,"href":"https:\/\/www.pcnen.com\/portal\/wp-json\/wp\/v2\/posts\/406018\/revisions\/406022"}],"wp:featuredmedia":[{"embeddable":true,"href":"https:\/\/www.pcnen.com\/portal\/wp-json\/wp\/v2\/media\/406021"}],"wp:attachment":[{"href":"https:\/\/www.pcnen.com\/portal\/wp-json\/wp\/v2\/media?parent=406018"}],"wp:term":[{"taxonomy":"category","embeddable":true,"href":"https:\/\/www.pcnen.com\/portal\/wp-json\/wp\/v2\/categories?post=406018"},{"taxonomy":"post_tag","embeddable":true,"href":"https:\/\/www.pcnen.com\/portal\/wp-json\/wp\/v2\/tags?post=406018"}],"curies":[{"name":"wp","href":"https:\/\/api.w.org\/{rel}","templated":true}]}}