{"id":406010,"date":"2024-07-01T08:58:20","date_gmt":"2024-07-01T06:58:20","guid":{"rendered":"https:\/\/www.pcnen.com\/portal\/?p=406010"},"modified":"2024-07-01T08:58:20","modified_gmt":"2024-07-01T06:58:20","slug":"madjarska-ce-nakon-belgije-predsjedavati-eu-od-1-jula-do-31-decembra","status":"publish","type":"post","link":"https:\/\/www.pcnen.com\/portal\/2024\/07\/01\/madjarska-ce-nakon-belgije-predsjedavati-eu-od-1-jula-do-31-decembra\/","title":{"rendered":"Ma\u0111arska \u0107e, nakon Belgije, predsjedavati EU od 1. jula do 31. decembra"},"content":{"rendered":"<p>Ma\u0111arska danas preuzima predsjedavanje EU, a\u00a0 jedan od sedam prioriteta Budimpe\u0161te bi\u0107e dosljedna i na zaslugama zasnovana politika pro\u0161irenja uz poruku da EU ne mo\u017ee da bude potpuna bez pristupanja Zapadnog Balkana tom bloku.<\/p>\n<p>Pored pro\u0161irenja, prioriteti ma\u0111arskog predsjedavanja bi\u0107e konkurentnost, odbrana, ilegalne migracije, regionalni razvoj, poljoprivredna politika i demografija, navodi se na sajtu predsjedavanja, prenosi Euronews.rs.<\/p>\n<p>&#8220;EU je dugo bila anga\u017eovana na obezbje\u0111ivanju evropske perspektive za Zapadni Balkan, jer zajednica ne mo\u017ee biti potpuna bez pristupanja ovog regiona. Integracija regiona donosi korist Evropskoj uniji u ekonomskom, bezbjednosnom i geopoliti\u010dkom smislu&#8221;, navodi se u programu.<\/p>\n<p>Ostalih \u0161est prioriteta ma\u0111arskog predsjedavanja odnose se na novi evropski sporazum o konkurentnosti, ja\u010danje evropske odbrambene politike, sprje\u010davanje ilegalnih migracija, oblikovanje buduc\u0301nosti kohezione politike EU, poljoprivrednu politiku EU orijentisanu na poljoprivrednike i rje\u0161avanje demografskih izazova.<\/p>\n<p>U delu programa koji se odnosi na delovanje Saveta EU za spoljne poslove, navodi se da je stabilnost Zapadnog Balkana vitalni interes EU i poru\u010duje da \u0107e zato ma\u0111arsko predsjedavanje podr\u017eati produbljivanje konkretnih projekata saradnje sa regionom, posebno za unapre\u0111enje regionalne saradnje i stabilnosti.<\/p>\n<p>Ukazuje se da Ma\u0111arska tokom predsjedavanja planira da organizuje samit EU-Zapadni Balkan u regionu i da odr\u017ei me\u0111uvladine konferencije sa zemljama kandidatima &#8220;kada je to prikladno&#8221;.<\/p>\n<p>Moto predstoje\u0107eg \u0161estomjese\u010dnog predsjedavanja Ma\u0111arske EU bi\u0107e &#8220;U\u010dinimo Evropu ponovo velikom&#8221;, izjavio je ranije ma\u0111arski ministar za EU poslove Jano\u0161 Boka, predstavljaju\u0107i prioritete i ambicije ma\u0111arskog predsedavanja.<\/p>\n<p>Ma\u0111arsko predsjedavanje Savjetom EU dolazi u periodu konstituisanja novog rukovodstva u evropskim institucijama, i\u00a0 preuzima ga od Belgije koja je u proteklih \u0161est mjeseci uspjela da zatvori vi\u0161e od 60\u00a0 zakonodavnih predloga.<\/p>\n<p>Tokom belgijskog predsjedavanja, EU je uspjela da prona\u0111e konsenzus o novoj finansijskoj podr\u0161ci Ukrajini, uklju\u010dujuc\u0301i i zamrznutu rusku imovinu.<\/p>\n<p>Zvani\u010dno su otvoreni pristupni pregovori sa Ukrajinom i Moldavijom, usvojeni 13. i 14. paket sankcija Rusiji.<\/p>\n","protected":false},"excerpt":{"rendered":"<p>Ma\u0111arska danas preuzima predsjedavanje EU, a\u00a0 jedan od sedam prioriteta Budimpe\u0161te bi\u0107e dosljedna i na zaslugama zasnovana politika pro\u0161irenja uz poruku da EU ne mo\u017ee da bude potpuna bez pristupanja Zapadnog Balkana tom bloku<\/p>\n","protected":false},"author":1,"featured_media":350861,"comment_status":"open","ping_status":"closed","sticky":false,"template":"","format":"standard","meta":{"_seopress_robots_primary_cat":"none","_seopress_titles_title":"","_seopress_titles_desc":"","_seopress_robots_index":"","_et_pb_use_builder":"","_et_pb_old_content":"","_et_gb_content_width":"","inline_featured_image":false,"footnotes":""},"categories":[14],"tags":[],"class_list":["post-406010","post","type-post","status-publish","format-standard","has-post-thumbnail","hentry","category-vijesti"],"_links":{"self":[{"href":"https:\/\/www.pcnen.com\/portal\/wp-json\/wp\/v2\/posts\/406010","targetHints":{"allow":["GET"]}}],"collection":[{"href":"https:\/\/www.pcnen.com\/portal\/wp-json\/wp\/v2\/posts"}],"about":[{"href":"https:\/\/www.pcnen.com\/portal\/wp-json\/wp\/v2\/types\/post"}],"author":[{"embeddable":true,"href":"https:\/\/www.pcnen.com\/portal\/wp-json\/wp\/v2\/users\/1"}],"replies":[{"embeddable":true,"href":"https:\/\/www.pcnen.com\/portal\/wp-json\/wp\/v2\/comments?post=406010"}],"version-history":[{"count":1,"href":"https:\/\/www.pcnen.com\/portal\/wp-json\/wp\/v2\/posts\/406010\/revisions"}],"predecessor-version":[{"id":406013,"href":"https:\/\/www.pcnen.com\/portal\/wp-json\/wp\/v2\/posts\/406010\/revisions\/406013"}],"wp:featuredmedia":[{"embeddable":true,"href":"https:\/\/www.pcnen.com\/portal\/wp-json\/wp\/v2\/media\/350861"}],"wp:attachment":[{"href":"https:\/\/www.pcnen.com\/portal\/wp-json\/wp\/v2\/media?parent=406010"}],"wp:term":[{"taxonomy":"category","embeddable":true,"href":"https:\/\/www.pcnen.com\/portal\/wp-json\/wp\/v2\/categories?post=406010"},{"taxonomy":"post_tag","embeddable":true,"href":"https:\/\/www.pcnen.com\/portal\/wp-json\/wp\/v2\/tags?post=406010"}],"curies":[{"name":"wp","href":"https:\/\/api.w.org\/{rel}","templated":true}]}}