{"id":40598,"date":"2011-01-03T14:36:15","date_gmt":"2011-01-03T14:36:15","guid":{"rendered":"http:\/\/www.pcnen.com\/portal\/?p=40598"},"modified":"2011-01-03T14:36:15","modified_gmt":"2011-01-03T14:36:15","slug":"mitrovic-sve-o-slucaju-saric-proslijedene-tuzilastvu","status":"publish","type":"post","link":"https:\/\/www.pcnen.com\/portal\/2011\/01\/03\/mitrovic-sve-o-slucaju-saric-proslijedene-tuzilastvu\/","title":{"rendered":"Mitrovi\u0107: Sve o slu\u010daju \u0160ari\u0107 proslije\u0111ene Tu\u017eila\u0161tvu"},"content":{"rendered":"<p>Uprava za sprje\u010davanje pranja novca&nbsp; Crne Gore je po zahtjevu Vrhovnog dr\u017eavnog tu\u017eioca radila na slu\u010daju &Scaron;ari\u0107 prikupljaju\u0107i podatke i informacije, uklju\u010duju\u0107i i mehanizme me\u0111unarodne saradnje sa finansijsko-obavje&scaron;tajnom slu\u017ebom Austrije i jo&scaron; 10 zemalja.<\/p>\n<p>Sva nova \u010dinjeni\u010dna saznanja proslije\u0111ena su Tu\u017eila&scaron;tvu, kazao je direktor te institucije Predrag Mitrovi\u0107&nbsp; podgori\u010dkom listu <em>Dan<\/em>.<\/p>\n<p>&quot;Predmet &Scaron;ari\u0107 je proslije\u0111en Vrhovnom dr\u017eavnom tu\u017eila&scaron;tavu i nije vi&scaron;e u na&scaron;oj nadle\u017enosti, pa o tome ne mogu iznijeti vi&scaron;e detalja. O slu\u010daju &Scaron;ari\u0107, kao &scaron;to je javnosti poznato, sa ostalim starje&scaron;inama nadle\u017enih organa, saslu&scaron;avan sam na parlamentarnom odboru za bezbijednost. Sa stanovi&scaron;ta na&scaron;e nadle\u017enosti i saznanja po osnovu operativnih i funkcionalnih radnji, sada smo, na zahtjev odbora, dostavili dopunjenu i pro&scaron;irenu informaciju&quot;, rekao je Mitrovi\u0107.<\/p>\n<p>Za Darkom &Scaron;ari\u0107em&nbsp; iz Pljevalja, dr\u017eavljaninom Srbije, raspisana je interpolova&nbsp; potjernica, jer ga&nbsp; Specijalno tu\u017eila&scaron;tvo Srbije za organizovani kriminal tereti za &scaron;verc droge iz Ju\u017ene Amerike na Balkan.<\/p>\n","protected":false},"excerpt":{"rendered":"<p>Uprava za sprje\u010davanje pranja novca&nbsp; Crne Gore je po zahtjevu Vrhovnog dr\u017eavnog tu\u017eioca radila na slu\u010daju &Scaron;ari\u0107 prikupljaju\u0107i podatke i informacije, uklju\u010duju\u0107i i mehanizme me\u0111unarodne saradnje sa finansijsko-obavje&scaron;tajnom slu\u017ebom Austrije i jo&scaron; 10 zemalja. Sva nova \u010dinjeni\u010dna saznanja proslije\u0111ena su Tu\u017eila&scaron;tvu, kazao je direktor te institucije Predrag Mitrovi\u0107&nbsp; podgori\u010dkom listu Dan. &quot;Predmet &Scaron;ari\u0107 je proslije\u0111en [&hellip;]<\/p>\n","protected":false},"author":1,"featured_media":0,"comment_status":"open","ping_status":"closed","sticky":false,"template":"","format":"standard","meta":{"_seopress_robots_primary_cat":"","_seopress_titles_title":"","_seopress_titles_desc":"","_seopress_robots_index":"","_et_pb_use_builder":"","_et_pb_old_content":"","_et_gb_content_width":"","inline_featured_image":false,"footnotes":""},"categories":[14],"tags":[],"class_list":["post-40598","post","type-post","status-publish","format-standard","hentry","category-vijesti"],"_links":{"self":[{"href":"https:\/\/www.pcnen.com\/portal\/wp-json\/wp\/v2\/posts\/40598","targetHints":{"allow":["GET"]}}],"collection":[{"href":"https:\/\/www.pcnen.com\/portal\/wp-json\/wp\/v2\/posts"}],"about":[{"href":"https:\/\/www.pcnen.com\/portal\/wp-json\/wp\/v2\/types\/post"}],"author":[{"embeddable":true,"href":"https:\/\/www.pcnen.com\/portal\/wp-json\/wp\/v2\/users\/1"}],"replies":[{"embeddable":true,"href":"https:\/\/www.pcnen.com\/portal\/wp-json\/wp\/v2\/comments?post=40598"}],"version-history":[{"count":0,"href":"https:\/\/www.pcnen.com\/portal\/wp-json\/wp\/v2\/posts\/40598\/revisions"}],"wp:attachment":[{"href":"https:\/\/www.pcnen.com\/portal\/wp-json\/wp\/v2\/media?parent=40598"}],"wp:term":[{"taxonomy":"category","embeddable":true,"href":"https:\/\/www.pcnen.com\/portal\/wp-json\/wp\/v2\/categories?post=40598"},{"taxonomy":"post_tag","embeddable":true,"href":"https:\/\/www.pcnen.com\/portal\/wp-json\/wp\/v2\/tags?post=40598"}],"curies":[{"name":"wp","href":"https:\/\/api.w.org\/{rel}","templated":true}]}}