{"id":405963,"date":"2024-06-30T18:26:54","date_gmt":"2024-06-30T16:26:54","guid":{"rendered":"https:\/\/www.pcnen.com\/portal\/?p=405963"},"modified":"2024-06-30T18:26:54","modified_gmt":"2024-06-30T16:26:54","slug":"vucic-posjeticu-u-julu-srpski-narod-u-crnoj-gori-i-obici-berane","status":"publish","type":"post","link":"https:\/\/www.pcnen.com\/portal\/2024\/06\/30\/vucic-posjeticu-u-julu-srpski-narod-u-crnoj-gori-i-obici-berane\/","title":{"rendered":"Vu\u010di\u0107: Posjeti\u0107u u julu srpski narod u Crnoj Gori i obi\u0107i Berane"},"content":{"rendered":"<p>Predsjednik Srbije Aleksandar Vu\u010di\u0107 je najavio danas da \u0107e u julu, mo\u017eda na Petrovdan 12. jula, posjetiti srpski narod u Crnoj Gori i obi\u0107i Berane.<\/p>\n<p>Vu\u010di\u0107 je to rekao gostuju\u0107i na TV Prva, a na poziv predsjednika Demokratske narodne partije Crne Gore Milana Kne\u017eevi\u0107a koji ga je pozvao da do\u0111e u Crnu Goru u svoje ime, kao i u ime predsjednika Skup\u0161tine Crne Gore Andrije Mandi\u0107a i srpskog naroda u CG.<\/p>\n<p>Vu\u010di\u0107 je rekao da u julu ima puno obaveza, ali da \u0107e svakako na\u0107i vrijeme i da bi najbolji termin bio Petrovdan.<\/p>\n<p>\u201cMo\u017eda bi bilo najbolje na Petrovdan, ali nisam siguran ko \u0107e od gostiju biti ovde u Beogradu na taj dan, ali tokom jula spremam sam i sa najve\u0107om rado\u0161\u0107u da posetim Berane i Vasojevi\u0107e i da razgovaram sa narodom\u201d, \u00a0istakao je Vu\u010di\u0107 i zahvalio Kne\u017eevi\u0107u na pozivu da ih posjeti u Crnoj Gori.<\/p>\n<p>&nbsp;<\/p>\n<blockquote class=\"wp-embedded-content\" data-secret=\"eh06hI0hIe\"><p><a href=\"https:\/\/www.pcnen.com\/portal\/2024\/06\/30\/mandic-nastavak-svesrpskog-sabora-bi-mogao-biti-12-jula-u-crnoj-gori\/\">Mandi\u0107: Nastavak Svesrpskog sabora bi mogao biti 12. jula u Crnoj Gori<\/a><\/p><\/blockquote>\n<p><iframe loading=\"lazy\" class=\"wp-embedded-content\" sandbox=\"allow-scripts\" security=\"restricted\" style=\"position: absolute; clip: rect(1px, 1px, 1px, 1px);\" title=\"&#8220;Mandi\u0107: Nastavak Svesrpskog sabora bi mogao biti 12. jula u Crnoj Gori&#8221; &#8212; PCNEN\" src=\"https:\/\/www.pcnen.com\/portal\/2024\/06\/30\/mandic-nastavak-svesrpskog-sabora-bi-mogao-biti-12-jula-u-crnoj-gori\/embed\/#?secret=cbKA7qs29d#?secret=eh06hI0hIe\" data-secret=\"eh06hI0hIe\" width=\"600\" height=\"338\" frameborder=\"0\" marginwidth=\"0\" marginheight=\"0\" scrolling=\"no\"><\/iframe><\/p>\n","protected":false},"excerpt":{"rendered":"<p>Predsjednik Srbije Aleksandar Vu\u010di\u0107 je najavio danas da \u0107e u julu, mo\u017eda na Petrovdan 12. jula, posjetiti srpski narod u Crnoj Gori i obi\u0107i Berane.<\/p>\n","protected":false},"author":1,"featured_media":351137,"comment_status":"open","ping_status":"closed","sticky":false,"template":"","format":"standard","meta":{"_seopress_robots_primary_cat":"none","_seopress_titles_title":"","_seopress_titles_desc":"","_seopress_robots_index":"","_et_pb_use_builder":"","_et_pb_old_content":"","_et_gb_content_width":"","inline_featured_image":false,"footnotes":""},"categories":[14],"tags":[],"class_list":["post-405963","post","type-post","status-publish","format-standard","has-post-thumbnail","hentry","category-vijesti"],"_links":{"self":[{"href":"https:\/\/www.pcnen.com\/portal\/wp-json\/wp\/v2\/posts\/405963","targetHints":{"allow":["GET"]}}],"collection":[{"href":"https:\/\/www.pcnen.com\/portal\/wp-json\/wp\/v2\/posts"}],"about":[{"href":"https:\/\/www.pcnen.com\/portal\/wp-json\/wp\/v2\/types\/post"}],"author":[{"embeddable":true,"href":"https:\/\/www.pcnen.com\/portal\/wp-json\/wp\/v2\/users\/1"}],"replies":[{"embeddable":true,"href":"https:\/\/www.pcnen.com\/portal\/wp-json\/wp\/v2\/comments?post=405963"}],"version-history":[{"count":1,"href":"https:\/\/www.pcnen.com\/portal\/wp-json\/wp\/v2\/posts\/405963\/revisions"}],"predecessor-version":[{"id":405966,"href":"https:\/\/www.pcnen.com\/portal\/wp-json\/wp\/v2\/posts\/405963\/revisions\/405966"}],"wp:featuredmedia":[{"embeddable":true,"href":"https:\/\/www.pcnen.com\/portal\/wp-json\/wp\/v2\/media\/351137"}],"wp:attachment":[{"href":"https:\/\/www.pcnen.com\/portal\/wp-json\/wp\/v2\/media?parent=405963"}],"wp:term":[{"taxonomy":"category","embeddable":true,"href":"https:\/\/www.pcnen.com\/portal\/wp-json\/wp\/v2\/categories?post=405963"},{"taxonomy":"post_tag","embeddable":true,"href":"https:\/\/www.pcnen.com\/portal\/wp-json\/wp\/v2\/tags?post=405963"}],"curies":[{"name":"wp","href":"https:\/\/api.w.org\/{rel}","templated":true}]}}