{"id":405951,"date":"2024-06-30T13:38:31","date_gmt":"2024-06-30T11:38:31","guid":{"rendered":"https:\/\/www.pcnen.com\/portal\/?p=405951"},"modified":"2024-06-30T13:38:31","modified_gmt":"2024-06-30T11:38:31","slug":"sjutra-ponovo-blokada-puta-podgorica-cetinje","status":"publish","type":"post","link":"https:\/\/www.pcnen.com\/portal\/2024\/06\/30\/sjutra-ponovo-blokada-puta-podgorica-cetinje\/","title":{"rendered":"Sjutra ponovo blokada puta Podgorica &#8211; Cetinje"},"content":{"rendered":"<p>Radnici nekada\u0161nje Ko\u0161ute nastavljaju sa protestima u ponedjeljak, 1.jula, na Kru\u0161evom \u017edrijelu, gdje \u0107e blokirati putni pravac Cetinje \u2013 Podgorica od 11 \u010dasova i 30 minuta do 14 \u010dasova.<\/p>\n<p>Predstavnica radnika Dijana Vujovi\u0107 za Cetinjski list ka\u017ee da je veoma razo\u010darana jer im se jo\u0161 uvijek niko nije obratio iz Vlade Crne Gore.<\/p>\n<p>Radnici biv\u0161e Ko\u0161ute protestuju na Kru\u0161evom \u017edrijelu vi\u0161e od \u010detiri mjeseca, tra\u017ee\u0107i zaostale zarade i povezivanje radnog sta\u017ea.<\/p>\n","protected":false},"excerpt":{"rendered":"<p>Radnici nekada\u0161nje Ko\u0161ute nastavljaju sa protestima u ponedjeljak, 1.jula, na Kru\u0161evom \u017edrijelu, gdje \u0107e blokirati putni pravac Cetinje \u2013 Podgorica od 11 \u010dasova i 30 minuta do 14 \u010dasova.<\/p>\n","protected":false},"author":1,"featured_media":397243,"comment_status":"open","ping_status":"closed","sticky":false,"template":"","format":"standard","meta":{"_seopress_robots_primary_cat":"none","_seopress_titles_title":"","_seopress_titles_desc":"","_seopress_robots_index":"","_et_pb_use_builder":"","_et_pb_old_content":"","_et_gb_content_width":"","inline_featured_image":false,"footnotes":""},"categories":[14],"tags":[],"class_list":["post-405951","post","type-post","status-publish","format-standard","has-post-thumbnail","hentry","category-vijesti"],"_links":{"self":[{"href":"https:\/\/www.pcnen.com\/portal\/wp-json\/wp\/v2\/posts\/405951","targetHints":{"allow":["GET"]}}],"collection":[{"href":"https:\/\/www.pcnen.com\/portal\/wp-json\/wp\/v2\/posts"}],"about":[{"href":"https:\/\/www.pcnen.com\/portal\/wp-json\/wp\/v2\/types\/post"}],"author":[{"embeddable":true,"href":"https:\/\/www.pcnen.com\/portal\/wp-json\/wp\/v2\/users\/1"}],"replies":[{"embeddable":true,"href":"https:\/\/www.pcnen.com\/portal\/wp-json\/wp\/v2\/comments?post=405951"}],"version-history":[{"count":1,"href":"https:\/\/www.pcnen.com\/portal\/wp-json\/wp\/v2\/posts\/405951\/revisions"}],"predecessor-version":[{"id":405954,"href":"https:\/\/www.pcnen.com\/portal\/wp-json\/wp\/v2\/posts\/405951\/revisions\/405954"}],"wp:featuredmedia":[{"embeddable":true,"href":"https:\/\/www.pcnen.com\/portal\/wp-json\/wp\/v2\/media\/397243"}],"wp:attachment":[{"href":"https:\/\/www.pcnen.com\/portal\/wp-json\/wp\/v2\/media?parent=405951"}],"wp:term":[{"taxonomy":"category","embeddable":true,"href":"https:\/\/www.pcnen.com\/portal\/wp-json\/wp\/v2\/categories?post=405951"},{"taxonomy":"post_tag","embeddable":true,"href":"https:\/\/www.pcnen.com\/portal\/wp-json\/wp\/v2\/tags?post=405951"}],"curies":[{"name":"wp","href":"https:\/\/api.w.org\/{rel}","templated":true}]}}