{"id":405941,"date":"2024-07-01T15:16:46","date_gmt":"2024-07-01T13:16:46","guid":{"rendered":"https:\/\/www.pcnen.com\/portal\/?p=405941"},"modified":"2024-07-01T15:34:19","modified_gmt":"2024-07-01T13:34:19","slug":"skupstina-crne-gore-premijerski-sat-uzivo","status":"publish","type":"post","link":"https:\/\/www.pcnen.com\/portal\/2024\/07\/01\/skupstina-crne-gore-premijerski-sat-uzivo\/","title":{"rendered":"Skup\u0161tina Crne Gore: Protest poslani\u010dkog kluba DPS sprije\u010dio premijerski sat (video)"},"content":{"rendered":"<p>Poslani\u010dkli klub Demokratske partije socijalista, najja\u010di opozicioni klub, protestno je stao ispred stola za kojim sjedi predsjednik i potpredsjednici parlamenta i poru\u010dio da \u0107e danas sprije\u010diti odr\u017eavanje poslani\u010dkog sat zbog toga \u0161to je premijer Milojko Spaji\u0107 demonstrirao nepo\u0161tovanja Skup\u0161tine Crne Gorer i gra\u0111ana Crne Gore koji su je izabrali.<\/p>\n<p>Ostali opoziicioni poslani\u010dki klubovi su se solidarisali sa kolagema iz DPS, ali je poslanik Gra\u0111anskog pokreta URA Dritan Abazovi\u0107 tra\u017eio od predsjednika Skup\u0161tine Andrije Mandi\u0107a da obezbijedi uslove za rad i da pauzu.<\/p>\n<p>Mandi\u0107 je zaklju\u010dio da sjednicu prekine, ali se oglu\u0161io o sugestije opozicije da javno kritikuje premijerovo pona\u0161anje prema parlamentu i zatra\u017ei od njega da se izvini parlamentu i gra\u0111anim\/kama Crne Gore.<\/p>\n<p>Bilo je predvi\u0111eno da premijer Spaji\u0107 odgovara na pitanja predstavnika poslani\u010dkih klubova. Premijerski sat trebalo je da bude odr\u017ean u subotu, ali je odgo\u0111en za danas nakon \u0161to su to tra\u017eili iz Spaji\u0107evog kabineta.<\/p>\n<blockquote>\n<h2>***<\/h2>\n<\/blockquote>\n<p>Lider Hrvatske gra\u0111anske inicijative Adrijan Vuksanovi\u0107 pita\u0107e Spaji\u0107a kako ocjenjuje odnose Crne Gore i Hrvatske za vrijeme njegovog mandata.<\/p>\n<p>Poslanika Socijaldemokrata Nikolu Zirojevi\u0107a interesuje da li Spaji\u0107a brine \u010dinjenica da su, uprkos pri\u010di o pomirenju i Crnoj Gori kao faktoru stabilnosti u regionu, uspjeli da naru\u0161e odnose sa Hrvatskom, Bosnom i Hercegovinom i Srbijom.<\/p>\n<p>Poslanik Demokratske partije socijalista Ivan Vukovi\u0107 pita\u0107e Spaji\u0107a o izmjeni Zakona o dr\u017eavljanstvu i izmjeni Ustava u dijelu dr\u017eavljanstva.<\/p>\n<p>&#8220;Da li je izmjena tog zakona pokrenuta od nadle\u017enog Ministarstva unutrasnjih poslova, da li se o tome ve\u0107 raspravljalo na Vladi, da li je ura\u0111ena odgovaraju\u0107a stru\u010dna analiza prije nego \u0161to ste najavili intervencije u tako zna\u010dajnoj oblasti\u201c, navodi se u pitanju Vukovi\u0107a, prenosi Mina<\/p>\n<p>On \u0107e pitati Spaji\u0107a i da li ima bilo kakav pisani dokument u formi Nacrta izmjene zakona, zapisnika ili dokumenta koji potvr\u0111uje da se na nivou resora, Vlade ili nekog Vladinog tijela na tu temu raspravljalo.<\/p>\n<p>Predsjednik Gra\u0111anskog pokreta URA Dritan Abazovi\u0107 pita\u0107e da li Spaji\u0107 stoji iza organizovanih napada na \u0161efa Specijalnog policijskog odjeljenja Predraga \u0160ukovi\u0107a i glavnog specijalnog tuzioca Vladimira Novovi\u0107a, kako to implicira ministar pravde Andrej Milovi\u0107.<\/p>\n<p>Poslanik Pokreta Evropa sad Vasilije \u010carapi\u0107 pita\u0107e Spaji\u0107a kako ocjenjuje pregovara\u010dki proces do sada i \u010dinjenicu da poslije 12 godina Crna Gora dolazi u situaciju da mo\u017ee da dobije zavr\u0161na mjerila za poglavlja 23 i 24, ali i da zatvara ostala pregovara\u010dka poglavlja.<\/p>\n<p>&#8220;Kakva je strategija Vlade za nastavak integracionih procesa, budu\u0107i da je put od Izvje\u0161taja o ispunjenosti privremenih mjerila (IBAR) do \u010dlanstva i dalje izazovan, a da najve\u0107i dio posla tek predstoji\u201c, dodao je \u010carapi\u0107.<\/p>\n<p>\u0160ef Kluba poslanika Demokrata Boris Bogdanovi\u0107 pita\u0107e Spaji\u0107a da li je hap\u0161enje i procesuiranje osumnji\u010denih i optu\u017eenih za izvr\u0161enje najte\u017eih krivi\u010dnih djela iz oblasti organizovanog kriminala i korupcije revan\u0161izam prema izabranim, imenovanim ili na druge na\u010dine anga\u017eovanim osobama u sistemu javne uprave.<\/p>\n<p>Poslanik Demokratske narodne partije Milun Zogovi\u0107 pita\u0107e Spaji\u0107a da li je zadovoljan dosada\u0161njom dinamikom sprovo\u0111enja programa Evropa sad 2.<\/p>\n<p>\u201cKoji je krajnji rok za implementaciju svih mjera iz programa i da li su neosnovane medijske najave da je ukidanje penzijskih doprinosa i reforma Fonda penzijsko invalidskog osiguranja neophodan preduslov za punu realizaciju programa Evropa sad 2\u201d, navodi se u pitanju Zogovi\u0107a.<\/p>\n<p>Poslanicu Posebnog kluba Radinku \u0106in\u0107ur interesuje koji su to mehanizmi pomo\u0107u kojih Spaji\u0107 planira da do\u0111e do minimalne zarade od 700 EUR za svakog zaposlenog u Crnoj Gori.<\/p>\n<p>\u201cOdnosno kako \u0107ete izvesti tu \u201cmagiju\u201d da imamo prosje\u010dnu neto plate hiljadu eura, a da nam bruto plate ostanu nepromijenjene, odnosno najni\u017ee u regionu, i kako \u0107e se to reflektovati na penzioni fond\u201d, navela je \u0106in\u0107ur.<\/p>\n<p>Ona \u0107e pitati Spaji\u0107a da li mo\u017ee da objasni reformu penzionog sistema koju namjeravaju da sprovedu u djelo.<\/p>\n<p>Predsjednik Kluba poslanika Nove srpske demokratije Slaven Radunovi\u0107 pita\u0107e da li je Vlada spremna da u\u010destvuje u realizaciji projekta \u201eSun\u010dani grad\u201c u Nik\u0161i\u0107u, dok poslanika Bo\u0161nja\u010dke stranke Damira Guti\u0107a interesuje \u0161ta Vlada planira da uradi kako bi region Plava i Gusinja dobio neophodne pretpostavke za razvoj i valorizaciju potencijala sa kojim raspola\u017ee.<\/p>\n<p><iframe loading=\"lazy\" title=\"Deseta - posebna sjednica Prvog redovnog (prolje\u0107njeg) zasijedanja u 2024. god-drugi dan,01.07.2024.\" width=\"1080\" height=\"608\" src=\"https:\/\/www.youtube.com\/embed\/X-8j0BNgOTQ?feature=oembed\"  allow=\"accelerometer; autoplay; clipboard-write; encrypted-media; gyroscope; picture-in-picture; web-share\" referrerpolicy=\"strict-origin-when-cross-origin\" allowfullscreen><\/iframe><\/p>\n<p>&nbsp;<\/p>\n<blockquote class=\"wp-embedded-content\" data-secret=\"E7KQc4F7Pk\"><p><a href=\"https:\/\/www.pcnen.com\/portal\/2024\/06\/28\/spajic-ne-moze-stici-na-premijerski-sat\/\">Spaji\u0107 ne mo\u017ee sti\u0107i na premijerski sat<\/a><\/p><\/blockquote>\n<p><iframe loading=\"lazy\" class=\"wp-embedded-content\" sandbox=\"allow-scripts\" security=\"restricted\" style=\"position: absolute; clip: rect(1px, 1px, 1px, 1px);\" title=\"&#8220;Spaji\u0107 ne mo\u017ee sti\u0107i na premijerski sat&#8221; &#8212; PCNEN\" src=\"https:\/\/www.pcnen.com\/portal\/2024\/06\/28\/spajic-ne-moze-stici-na-premijerski-sat\/embed\/#?secret=aVF6W9yd6P#?secret=E7KQc4F7Pk\" data-secret=\"E7KQc4F7Pk\" width=\"600\" height=\"338\" frameborder=\"0\" marginwidth=\"0\" marginheight=\"0\" scrolling=\"no\"><\/iframe><\/p>\n","protected":false},"excerpt":{"rendered":"<p>Premijer Milojko Spaji\u0107 odgovara\u0107e u Skup\u0161tini na pitanja predstavnika poslani\u010dkih klubova, na posebnoj sjednici posve\u0107enoj Premijerskom satu<\/p>\n","protected":false},"author":1,"featured_media":406054,"comment_status":"open","ping_status":"closed","sticky":false,"template":"","format":"standard","meta":{"_seopress_robots_primary_cat":"none","_seopress_titles_title":"","_seopress_titles_desc":"","_seopress_robots_index":"","_et_pb_use_builder":"","_et_pb_old_content":"","_et_gb_content_width":"","inline_featured_image":false,"footnotes":""},"categories":[14],"tags":[],"class_list":["post-405941","post","type-post","status-publish","format-standard","has-post-thumbnail","hentry","category-vijesti"],"_links":{"self":[{"href":"https:\/\/www.pcnen.com\/portal\/wp-json\/wp\/v2\/posts\/405941","targetHints":{"allow":["GET"]}}],"collection":[{"href":"https:\/\/www.pcnen.com\/portal\/wp-json\/wp\/v2\/posts"}],"about":[{"href":"https:\/\/www.pcnen.com\/portal\/wp-json\/wp\/v2\/types\/post"}],"author":[{"embeddable":true,"href":"https:\/\/www.pcnen.com\/portal\/wp-json\/wp\/v2\/users\/1"}],"replies":[{"embeddable":true,"href":"https:\/\/www.pcnen.com\/portal\/wp-json\/wp\/v2\/comments?post=405941"}],"version-history":[{"count":11,"href":"https:\/\/www.pcnen.com\/portal\/wp-json\/wp\/v2\/posts\/405941\/revisions"}],"predecessor-version":[{"id":406053,"href":"https:\/\/www.pcnen.com\/portal\/wp-json\/wp\/v2\/posts\/405941\/revisions\/406053"}],"wp:featuredmedia":[{"embeddable":true,"href":"https:\/\/www.pcnen.com\/portal\/wp-json\/wp\/v2\/media\/406054"}],"wp:attachment":[{"href":"https:\/\/www.pcnen.com\/portal\/wp-json\/wp\/v2\/media?parent=405941"}],"wp:term":[{"taxonomy":"category","embeddable":true,"href":"https:\/\/www.pcnen.com\/portal\/wp-json\/wp\/v2\/categories?post=405941"},{"taxonomy":"post_tag","embeddable":true,"href":"https:\/\/www.pcnen.com\/portal\/wp-json\/wp\/v2\/tags?post=405941"}],"curies":[{"name":"wp","href":"https:\/\/api.w.org\/{rel}","templated":true}]}}