{"id":405936,"date":"2024-06-30T10:12:09","date_gmt":"2024-06-30T08:12:09","guid":{"rendered":"https:\/\/www.pcnen.com\/portal\/?p=405936"},"modified":"2024-06-30T10:12:32","modified_gmt":"2024-06-30T08:12:32","slug":"mandic-nastavak-svesrpskog-sabora-bi-mogao-biti-12-jula-u-crnoj-gori","status":"publish","type":"post","link":"https:\/\/www.pcnen.com\/portal\/2024\/06\/30\/mandic-nastavak-svesrpskog-sabora-bi-mogao-biti-12-jula-u-crnoj-gori\/","title":{"rendered":"Mandi\u0107: Nastavak Svesrpskog sabora bi mogao biti 12. jula u Crnoj Gori"},"content":{"rendered":"<p>Predsjednik Skup\u0161tine Crne Gore Andrija Mandi\u0107 je rekao da bi nastavak Svesrpskog sabora mogao da bude 12. jula, na Petrovdan, na sjeveru ili primorju Crne Gore.<\/p>\n<p>Mandi\u0107 je rekao da je javno pozvao rukovodstvo Srbije i Republike Srpske da do\u0111u i da bi \u017eelio da po\u0161alju poruku zajedni\u0161tva.<\/p>\n<p>\u201cVolio bih da do\u0111u za Petrovdan, ako ne mogu, onda neki drugi datum\u201c, dodao je Mandi\u0107, prenosi N1.<\/p>\n<p>On je istakao da Srbiji nije lako bilo kad je Crna Gora priznala nezavisnost Kosova, napomenuv\u0161i da je \u201csvaka odluka u UN, koja je bila antisrpska, podr\u017eana iz Crne Gore\u201d.<\/p>\n<p>\u201cPreko svega toga su pre\u0161li. Ovo je sada pozitivna poruka, ne samo nas iz koalicije `Za budu\u0107nost Crne Gore`, nego ve\u0107inske Crne Gore, iskazana kroz parlament, Srbiji i Republici Srpskoj\u201d, rekao je Mandi\u0107 za TV Prva za Crnu Goru.<\/p>\n<p>On smatra da \u0107e uskoro do\u0107i do rekonstrukcije Vlade Crne Gore, jer je to jedna neophodna procedura.<\/p>\n<p>\u201c\u017delio bih da rekonstrukcija bude i sutra kako bi kroz nju dobili novu dinamiku u radu\u201d, ocijenio je Mandi\u0107 i dodao da za sada ne mo\u017ee govoriti o imenima.<\/p>\n<blockquote class=\"wp-embedded-content\" data-secret=\"pUSDpoeRvD\"><p><a href=\"https:\/\/www.pcnen.com\/portal\/2024\/06\/08\/danas-se-odrzava-svesrpski-sabor-jedan-narod-jedan-sabor-srbija-i-srpska\/\">Danas se odr\u017eava Svesrpski sabor: Jedan narod, jedan sabor \u2013 Srbija i Srpska<\/a><\/p><\/blockquote>\n<p><iframe loading=\"lazy\" class=\"wp-embedded-content\" sandbox=\"allow-scripts\" security=\"restricted\" style=\"position: absolute; clip: rect(1px, 1px, 1px, 1px);\" title=\"&#8220;Danas se odr\u017eava Svesrpski sabor: Jedan narod, jedan sabor \u2013 Srbija i Srpska&#8221; &#8212; PCNEN\" src=\"https:\/\/www.pcnen.com\/portal\/2024\/06\/08\/danas-se-odrzava-svesrpski-sabor-jedan-narod-jedan-sabor-srbija-i-srpska\/embed\/#?secret=w5MIrESXya#?secret=pUSDpoeRvD\" data-secret=\"pUSDpoeRvD\" width=\"600\" height=\"338\" frameborder=\"0\" marginwidth=\"0\" marginheight=\"0\" scrolling=\"no\"><\/iframe><\/p>\n","protected":false},"excerpt":{"rendered":"<p>Predsjednik Skup\u0161tine Crne Gore Andrija Mandi\u0107 je rekao da bi nastavak Svesrpskog sabora mogao da bude 12. jula, na Petrovdan, na sjeveru ili primorju Crne Gore.<\/p>\n","protected":false},"author":1,"featured_media":401628,"comment_status":"open","ping_status":"closed","sticky":false,"template":"","format":"standard","meta":{"_seopress_robots_primary_cat":"none","_seopress_titles_title":"","_seopress_titles_desc":"","_seopress_robots_index":"","_et_pb_use_builder":"","_et_pb_old_content":"","_et_gb_content_width":"","inline_featured_image":false,"footnotes":""},"categories":[14],"tags":[],"class_list":["post-405936","post","type-post","status-publish","format-standard","has-post-thumbnail","hentry","category-vijesti"],"_links":{"self":[{"href":"https:\/\/www.pcnen.com\/portal\/wp-json\/wp\/v2\/posts\/405936","targetHints":{"allow":["GET"]}}],"collection":[{"href":"https:\/\/www.pcnen.com\/portal\/wp-json\/wp\/v2\/posts"}],"about":[{"href":"https:\/\/www.pcnen.com\/portal\/wp-json\/wp\/v2\/types\/post"}],"author":[{"embeddable":true,"href":"https:\/\/www.pcnen.com\/portal\/wp-json\/wp\/v2\/users\/1"}],"replies":[{"embeddable":true,"href":"https:\/\/www.pcnen.com\/portal\/wp-json\/wp\/v2\/comments?post=405936"}],"version-history":[{"count":2,"href":"https:\/\/www.pcnen.com\/portal\/wp-json\/wp\/v2\/posts\/405936\/revisions"}],"predecessor-version":[{"id":405940,"href":"https:\/\/www.pcnen.com\/portal\/wp-json\/wp\/v2\/posts\/405936\/revisions\/405940"}],"wp:featuredmedia":[{"embeddable":true,"href":"https:\/\/www.pcnen.com\/portal\/wp-json\/wp\/v2\/media\/401628"}],"wp:attachment":[{"href":"https:\/\/www.pcnen.com\/portal\/wp-json\/wp\/v2\/media?parent=405936"}],"wp:term":[{"taxonomy":"category","embeddable":true,"href":"https:\/\/www.pcnen.com\/portal\/wp-json\/wp\/v2\/categories?post=405936"},{"taxonomy":"post_tag","embeddable":true,"href":"https:\/\/www.pcnen.com\/portal\/wp-json\/wp\/v2\/tags?post=405936"}],"curies":[{"name":"wp","href":"https:\/\/api.w.org\/{rel}","templated":true}]}}