{"id":405882,"date":"2024-06-29T14:14:43","date_gmt":"2024-06-29T12:14:43","guid":{"rendered":"https:\/\/www.pcnen.com\/portal\/?p=405882"},"modified":"2024-06-29T14:14:43","modified_gmt":"2024-06-29T12:14:43","slug":"pripadnik-zandarmerije-ranjen-iz-samostrela-ispred-ambasade-izraela-u-beogradu-napadac-likvidiran","status":"publish","type":"post","link":"https:\/\/www.pcnen.com\/portal\/2024\/06\/29\/pripadnik-zandarmerije-ranjen-iz-samostrela-ispred-ambasade-izraela-u-beogradu-napadac-likvidiran\/","title":{"rendered":"Pripadnik \u017dandarmerije ranjen iz samostrela ispred Ambasade Izraela u Beogradu, napada\u010d likvidiran"},"content":{"rendered":"<p>Pripadnik srbijanske \u017dandarmerije J.M. (34) ustreljen je samostrelom u vrat ispred Ambasade Izraela u Beogradu, a u samoodbrani je pucao i ubio napada\u010da,<a href=\"https:\/\/www.rts.rs\/lat\/vesti\/hronika\/5475900\/pripadnik-zandarmerije-ranjen-iz-samostrela-ispred-ambasade-izraela-u-beogradu-napadac-likvidiran.html\" target=\"_blank\" rel=\"noopener\"> javila<\/a> je Radio televizija Srbije.<\/p>\n<p>Prema prvim vestima, iako te\u0161ko ranjen, neimenovani pripadnik \u017dandarmerije je uspio da uzvrati i savlada napada\u010da, koji je od zadobijenih rana preminuo.<\/p>\n<p>&#8220;Sve okolnosti napada i mogu\u0107i motivi se ispituju&#8221;, izjavio je ministar unutra\u0161njih poslova Ivica Da\u010di\u0107.<\/p>\n","protected":false},"excerpt":{"rendered":"<p>Pripadnik srbijanske \u017dandarmerije J.M. (34) ustreljen je samostrelom u vrat ispred Ambasade Izraela u Beogradu, a u samoodbrani je pucao i ubio napada\u010da, javila je Radio televizija Srbije<\/p>\n","protected":false},"author":1,"featured_media":317250,"comment_status":"open","ping_status":"closed","sticky":false,"template":"","format":"standard","meta":{"_seopress_robots_primary_cat":"none","_seopress_titles_title":"","_seopress_titles_desc":"","_seopress_robots_index":"","_et_pb_use_builder":"","_et_pb_old_content":"","_et_gb_content_width":"","inline_featured_image":false,"footnotes":""},"categories":[14],"tags":[],"class_list":["post-405882","post","type-post","status-publish","format-standard","has-post-thumbnail","hentry","category-vijesti"],"_links":{"self":[{"href":"https:\/\/www.pcnen.com\/portal\/wp-json\/wp\/v2\/posts\/405882","targetHints":{"allow":["GET"]}}],"collection":[{"href":"https:\/\/www.pcnen.com\/portal\/wp-json\/wp\/v2\/posts"}],"about":[{"href":"https:\/\/www.pcnen.com\/portal\/wp-json\/wp\/v2\/types\/post"}],"author":[{"embeddable":true,"href":"https:\/\/www.pcnen.com\/portal\/wp-json\/wp\/v2\/users\/1"}],"replies":[{"embeddable":true,"href":"https:\/\/www.pcnen.com\/portal\/wp-json\/wp\/v2\/comments?post=405882"}],"version-history":[{"count":1,"href":"https:\/\/www.pcnen.com\/portal\/wp-json\/wp\/v2\/posts\/405882\/revisions"}],"predecessor-version":[{"id":405885,"href":"https:\/\/www.pcnen.com\/portal\/wp-json\/wp\/v2\/posts\/405882\/revisions\/405885"}],"wp:featuredmedia":[{"embeddable":true,"href":"https:\/\/www.pcnen.com\/portal\/wp-json\/wp\/v2\/media\/317250"}],"wp:attachment":[{"href":"https:\/\/www.pcnen.com\/portal\/wp-json\/wp\/v2\/media?parent=405882"}],"wp:term":[{"taxonomy":"category","embeddable":true,"href":"https:\/\/www.pcnen.com\/portal\/wp-json\/wp\/v2\/categories?post=405882"},{"taxonomy":"post_tag","embeddable":true,"href":"https:\/\/www.pcnen.com\/portal\/wp-json\/wp\/v2\/tags?post=405882"}],"curies":[{"name":"wp","href":"https:\/\/api.w.org\/{rel}","templated":true}]}}