{"id":405875,"date":"2024-06-29T13:59:05","date_gmt":"2024-06-29T11:59:05","guid":{"rendered":"https:\/\/www.pcnen.com\/portal\/?p=405875"},"modified":"2024-06-29T14:46:38","modified_gmt":"2024-06-29T12:46:38","slug":"skupstina-skratila-sjednicu-u-odsustvu-premijera-spajica-video","status":"publish","type":"post","link":"https:\/\/www.pcnen.com\/portal\/2024\/06\/29\/skupstina-skratila-sjednicu-u-odsustvu-premijera-spajica-video\/","title":{"rendered":"Skup\u0161tina &#8216;skratila&#8217; sjednicu u odsustvu premijera Spaji\u0107a (video)"},"content":{"rendered":"<p>Grohotnim smijehom poslanika\/ca opozicije do\u010dekana je<a href=\"https:\/\/www.pcnen.com\/portal\/2024\/06\/28\/spajic-ne-moze-stici-na-premijerski-sat\/\" target=\"_blank\" rel=\"noopener\"> informacija koju je saop\u0161tio predsjednik Skup\u0161tine Crne Gore Andrija Mandi\u0107<\/a> da ga je premijer Milojko Spaji\u0107 obavijestio da \u0107e u ponedjeljak biti spreman da odgovara na poslani\u010dka pitanja.<\/p>\n<p>Od poslanika\/ca parlamentarne ve\u0107ine, sjednici su prisustovali samo predsjednik i potpredsjednici Skup\u0161tine.<\/p>\n<p>Ina\u010de, za danas je bila zakazana posebna sjednica Skup\u0161tine, napijenjena premijerskom satu. Iz kabineta premijera je sino\u0107 javljeno da Spaji\u0107 ne\u0107e biti u mogu\u0107nosti da danas bude u zgradi parlamenta, da bi se on danas, nakon \u0161to je &#8216;provaljen&#8217; da je sino\u0107 vi\u0111en u Podgorici, pravdao navodnim zahtjevima dijela opozicije da premijerski sat bude odgo\u0111en za ponedjeljak.<\/p>\n<p><iframe loading=\"lazy\" title=\"YouTube video player\" src=\"https:\/\/www.youtube.com\/embed\/YFhy7yw86gg?si=vSs7lBthK1wfTfxG\" width=\"560\" height=\"315\" frameborder=\"0\" allowfullscreen=\"allowfullscreen\"><\/iframe><\/p>\n","protected":false},"excerpt":{"rendered":"<p>Grohotnim smijehom poslanika\/ca do\u010dekana je informacija koju je saop\u0161tio predsjednik Skup\u0161tine Crne Gore Andrija Mandi\u0107 da ga je premijer Milojko Spaji\u0107 obavijestio da \u0107e u ponedjeljak biti spreman da odgovara na poslani\u010dka pitanja<\/p>\n","protected":false},"author":1,"featured_media":392088,"comment_status":"open","ping_status":"closed","sticky":false,"template":"","format":"standard","meta":{"_seopress_robots_primary_cat":"none","_seopress_titles_title":"","_seopress_titles_desc":"","_seopress_robots_index":"","_et_pb_use_builder":"","_et_pb_old_content":"","_et_gb_content_width":"","inline_featured_image":false,"footnotes":""},"categories":[14],"tags":[],"class_list":["post-405875","post","type-post","status-publish","format-standard","has-post-thumbnail","hentry","category-vijesti"],"_links":{"self":[{"href":"https:\/\/www.pcnen.com\/portal\/wp-json\/wp\/v2\/posts\/405875","targetHints":{"allow":["GET"]}}],"collection":[{"href":"https:\/\/www.pcnen.com\/portal\/wp-json\/wp\/v2\/posts"}],"about":[{"href":"https:\/\/www.pcnen.com\/portal\/wp-json\/wp\/v2\/types\/post"}],"author":[{"embeddable":true,"href":"https:\/\/www.pcnen.com\/portal\/wp-json\/wp\/v2\/users\/1"}],"replies":[{"embeddable":true,"href":"https:\/\/www.pcnen.com\/portal\/wp-json\/wp\/v2\/comments?post=405875"}],"version-history":[{"count":5,"href":"https:\/\/www.pcnen.com\/portal\/wp-json\/wp\/v2\/posts\/405875\/revisions"}],"predecessor-version":[{"id":405886,"href":"https:\/\/www.pcnen.com\/portal\/wp-json\/wp\/v2\/posts\/405875\/revisions\/405886"}],"wp:featuredmedia":[{"embeddable":true,"href":"https:\/\/www.pcnen.com\/portal\/wp-json\/wp\/v2\/media\/392088"}],"wp:attachment":[{"href":"https:\/\/www.pcnen.com\/portal\/wp-json\/wp\/v2\/media?parent=405875"}],"wp:term":[{"taxonomy":"category","embeddable":true,"href":"https:\/\/www.pcnen.com\/portal\/wp-json\/wp\/v2\/categories?post=405875"},{"taxonomy":"post_tag","embeddable":true,"href":"https:\/\/www.pcnen.com\/portal\/wp-json\/wp\/v2\/tags?post=405875"}],"curies":[{"name":"wp","href":"https:\/\/api.w.org\/{rel}","templated":true}]}}