{"id":405833,"date":"2024-06-28T23:33:47","date_gmt":"2024-06-28T21:33:47","guid":{"rendered":"https:\/\/www.pcnen.com\/portal\/?p=405833"},"modified":"2024-06-28T23:33:47","modified_gmt":"2024-06-28T21:33:47","slug":"spajic-ne-moze-stici-na-premijerski-sat","status":"publish","type":"post","link":"https:\/\/www.pcnen.com\/portal\/2024\/06\/28\/spajic-ne-moze-stici-na-premijerski-sat\/","title":{"rendered":"Spaji\u0107 ne mo\u017ee sti\u0107i na premijerski sat"},"content":{"rendered":"<p>Kabinet premijera MIlojka Spaji\u0107a je obavijestio Skup\u0161tinu da on ne mo\u017ee sjutra do\u0107i na planiranu <a href=\"https:\/\/www.skupstina.me\/me\/dogadjaji\/deseta-posebna-sjednica-prvog-redovnog-proljecnjeg-zasijedanja-u-2024-godini\" target=\"_blank\" rel=\"noopener\">posebnu sjednicu<\/a> predvi\u0111enu za premijerski sat.<\/p>\n<p>&#8220;Po\u0161tovani, molim Vas da zbog nemogu\u0107nosti predsjednika Vlade da prisustvuje zakazanoj spednici Skup\u0161tine &#8211; Premijerskom satu usled slu\u017ebene posjete Briselu, istu ukoliko ste u mogu\u0107nosti pomjerite za ponedjeljak, 1. jul&#8221;, poruka je iz premijerovog kabineta<\/p>\n<p>Premijer Spaji\u0107 predvodi crnogorsku delegaciju na <a href=\"https:\/\/www.gov.me\/clanak\/premijer-spajic-na-meduvladinoj-konferenciji-izmedu-evropske-unije-i-crne-gore\" target=\"_blank\" rel=\"noopener\">Me\u0111uvladinoj konferenciji izme\u0111u Evropske unije i Crne Gore<\/a> u Briselu, koja je po\u010dela 26. juna a zavr\u0161ena je danas.<\/p>\n","protected":false},"excerpt":{"rendered":"<p>Kabinet premijera MIlojka Spaji\u0107a je obavijestio Skup\u0161tinu da on ne mo\u017ee sjutra do\u0107i na planiranu posebnu sjednicu predvi\u0111enu za premijerski sat<\/p>\n","protected":false},"author":1,"featured_media":389588,"comment_status":"open","ping_status":"closed","sticky":false,"template":"","format":"standard","meta":{"_seopress_robots_primary_cat":"none","_seopress_titles_title":"","_seopress_titles_desc":"","_seopress_robots_index":"","_et_pb_use_builder":"","_et_pb_old_content":"","_et_gb_content_width":"","inline_featured_image":false,"footnotes":""},"categories":[14],"tags":[],"class_list":["post-405833","post","type-post","status-publish","format-standard","has-post-thumbnail","hentry","category-vijesti"],"_links":{"self":[{"href":"https:\/\/www.pcnen.com\/portal\/wp-json\/wp\/v2\/posts\/405833","targetHints":{"allow":["GET"]}}],"collection":[{"href":"https:\/\/www.pcnen.com\/portal\/wp-json\/wp\/v2\/posts"}],"about":[{"href":"https:\/\/www.pcnen.com\/portal\/wp-json\/wp\/v2\/types\/post"}],"author":[{"embeddable":true,"href":"https:\/\/www.pcnen.com\/portal\/wp-json\/wp\/v2\/users\/1"}],"replies":[{"embeddable":true,"href":"https:\/\/www.pcnen.com\/portal\/wp-json\/wp\/v2\/comments?post=405833"}],"version-history":[{"count":1,"href":"https:\/\/www.pcnen.com\/portal\/wp-json\/wp\/v2\/posts\/405833\/revisions"}],"predecessor-version":[{"id":405836,"href":"https:\/\/www.pcnen.com\/portal\/wp-json\/wp\/v2\/posts\/405833\/revisions\/405836"}],"wp:featuredmedia":[{"embeddable":true,"href":"https:\/\/www.pcnen.com\/portal\/wp-json\/wp\/v2\/media\/389588"}],"wp:attachment":[{"href":"https:\/\/www.pcnen.com\/portal\/wp-json\/wp\/v2\/media?parent=405833"}],"wp:term":[{"taxonomy":"category","embeddable":true,"href":"https:\/\/www.pcnen.com\/portal\/wp-json\/wp\/v2\/categories?post=405833"},{"taxonomy":"post_tag","embeddable":true,"href":"https:\/\/www.pcnen.com\/portal\/wp-json\/wp\/v2\/tags?post=405833"}],"curies":[{"name":"wp","href":"https:\/\/api.w.org\/{rel}","templated":true}]}}