{"id":405829,"date":"2024-06-28T21:48:15","date_gmt":"2024-06-28T19:48:15","guid":{"rendered":"https:\/\/www.pcnen.com\/portal\/?p=405829"},"modified":"2024-06-28T21:48:15","modified_gmt":"2024-06-28T19:48:15","slug":"hrvatska-reagovala-na-usvajanje-rezolucije-o-jasenovcu","status":"publish","type":"post","link":"https:\/\/www.pcnen.com\/portal\/2024\/06\/28\/hrvatska-reagovala-na-usvajanje-rezolucije-o-jasenovcu\/","title":{"rendered":"Hrvatska reagovala na usvajanje rezolucije o Jasenovcu"},"content":{"rendered":"<p>Ministarstvo spoljnjih i evropskih poslova Hrvatske oglasilo se nakon \u0161to je Skup\u0161tina Crne Gore usvojila je Rezoluciju o genocidu u sistemu logora Jasenovac, Dahau i Mauthauzen.<\/p>\n<p>Saop\u0161tenje prenosimo u cjelosti:<\/p>\n<p>&#8220;Ministarstvo vanjskih i europskih poslova \u017eali \u0161to je Crna Gora odlu\u010dila zanemariti pozive Republike Hrvatske da ne politizira \u017ertve Jasenovca i ne povla\u010di poteze koji bi se na negativan na\u010din mogli odraziti na na\u0161e bilateralne odnose i europski put Crne Gore.<\/p>\n<p>Republika Hrvatska smatra neprihvatljivim, neprimjerenim i nepotrebnim dono\u0161enje rezolucije \u010dija namjera nije izgradnja kulture sje\u0107anja i pomirbe, ve\u0107 instrumentalizacija sje\u0107anja na \u017ertve Jasenovca radi kratkoro\u010dnih politi\u010dkih ciljeva inicijatora ove rezolucije.<\/p>\n<p>Nedvojbeno je kako je motiv za njezino dono\u0161enje sadr\u017ean u \u010dinjenici da je u Op\u0107oj skup\u0161tini Ujedinjenih naroda inicirana rezolucija o Me\u0111unarodnom danu sje\u0107anja na genocid u Srebrenici, koja je usvojena 23. svibnja 2024. Iz navedenog jasno proizlazi da se rezolucija o Jasenovcu donijela kako bi se obezvrijedila i relativizirala UN-ova rezolucija o genocidu u Srebrenici, koji je utvr\u0111en nizom presuda Me\u0111unarodnog kaznenog suda za biv\u0161u Jugoslaviju i u presudi Me\u0111unarodnog suda od 26. velja\u010de 2007.<\/p>\n<p>Ovaj postupak Crne Gore ne mo\u017ee se smatrati dobronamjernim i dobrosusjedskim u odnosu na Republiku Hrvatsku niti je u skladu s deklariranim ciljem \u010dlanstva Crne Gore u Europskoj uniji.<\/p>\n<p>Dobrosusjedski odnosi su jedan od klju\u010dnih elemenata procesa pro\u0161irenja kao i procesa stabilizacije i pridru\u017eivanja te jedan od klju\u010dnih kriterija za ocjenjivanje napretka u pristupnom procesu Crne Gore, sukladno Pregovara\u010dkom okviru Europske unije za Crnu Goru. Nastavno na nedavan pozitivan Izvje\u0161taj o ispunjenju privremenih mjerila za poglavlja 23 i 24 (IBAR), Republika Hrvatska o\u010dekivala je da \u0107e se Crna Gora suzdr\u017eati od svake aktivnosti koja bi mogla voditi k naru\u0161avanju ili pogor\u0161avanju dobrosusjedskih odnosa te da \u0107e svoje napore usmjeriti na ispunjavanje uvjeta i mjerila u pristupnom procesu od kojih su neka posebno va\u017ena za Republiku Hrvatsku.<\/p>\n<p>Podsje\u0107amo, sukladno Zajedni\u010dkom stajali\u0161tu EU za poglavlje 23, predstavljenom na Me\u0111uvladinoj konferenciji 26. lipnja 2024., Crna Gora mora pokazati napredak i rezultate vezano za procesuiranje ratnih zlo\u010dina, uklju\u010duju\u0107i utvr\u0111ivanje odgovornosti na visokim razinama, rje\u0161avanje slu\u010dajeva nestalih osoba kao i pitanje od\u0161teta za \u017ertve te za\u0161titu nacionalnih manjina i njihovih prava.<\/p>\n<p>Republika Hrvatska o\u010dekuje da \u0107e Crna Gora prioritetno pristupiti rje\u0161avanju pitanja utvr\u0111ivanja odgovornosti za zlo\u010dine koje su dr\u017eavljani Crne Gore izvr\u0161ili tijekom agresije na Republiku Hrvatsku devedesetih godina. To osobito uklju\u010duje i one po\u010dinjene prilikom napada na Dubrovnik koji je zapo\u010deo 1. listopada 1991. i opsade grada koja je trajala do svibnja 1992., kao i zlo\u010dine po\u010dinjene nad hrvatskim dr\u017eavljanima u Crnoj Gori, uklju\u010duju\u0107i u logoru Morinj u kojem je bilo zato\u010deno vi\u0161e od 350 hrvatskih dr\u017eavljana od rujna 1991. do kolovoza 1992., te pitanje pravednih naknada za sve biv\u0161e logora\u0161e.<\/p>\n<p>Uzimaju\u0107i u obzir stvarnu svrhu ovog \u010dina Skup\u0161tine Crne Gore, kojim se Crna Gora stavila u polo\u017eaj koji Republika Hrvatska ne mo\u017ee tuma\u010diti dobrosusjedskim i suprotan je namjerama razvoja prijateljskih odnosa, Republika Hrvatska zadr\u017eava pravo reagirati na odgovaraju\u0107i na\u010din.&#8221;<\/p>\n<p>Hrvatska je ju\u010de zaprijetila da bi usvajanje rezolucije o Jasenovcu zasigurno usporilo EU integracije Crne Gore te da ne bi dobro utjecalo na dosada\u0161nje dobrosusjedske odnose dviju dr\u017eava, prenosi Index.hr.<\/p>\n<blockquote class=\"wp-embedded-content\" data-secret=\"pNkS0NLnGG\"><p><a href=\"https:\/\/www.pcnen.com\/portal\/2024\/06\/28\/skupstina-vecina-usvojila-rezolucije-o-genocidu-u-jasenovcu-dahau-i-mauthauzenu\/\">Skup\u0161tina: Ve\u0107ina usvojila rezolucije o genocidu u Jasenovcu, Dahau i Mauthauzenu<\/a><\/p><\/blockquote>\n<p><iframe loading=\"lazy\" class=\"wp-embedded-content\" sandbox=\"allow-scripts\" security=\"restricted\" style=\"position: absolute; clip: rect(1px, 1px, 1px, 1px);\" title=\"&#8220;Skup\u0161tina: Ve\u0107ina usvojila rezolucije o genocidu u Jasenovcu, Dahau i Mauthauzenu&#8221; &#8212; PCNEN\" src=\"https:\/\/www.pcnen.com\/portal\/2024\/06\/28\/skupstina-vecina-usvojila-rezolucije-o-genocidu-u-jasenovcu-dahau-i-mauthauzenu\/embed\/#?secret=Vfi8hCtHum#?secret=pNkS0NLnGG\" data-secret=\"pNkS0NLnGG\" width=\"600\" height=\"338\" frameborder=\"0\" marginwidth=\"0\" marginheight=\"0\" scrolling=\"no\"><\/iframe><\/p>\n","protected":false},"excerpt":{"rendered":"<p>Ministarstvo spoljnjih i evropskih poslova Hrvatske oglasilo se nakon \u0161to je Skup\u0161tina Crne Gore usvojila je Rezoluciju o genocidu u sistemu logora Jasenovac, Dahau i Mauthauzen.<\/p>\n","protected":false},"author":1,"featured_media":283323,"comment_status":"open","ping_status":"closed","sticky":false,"template":"","format":"standard","meta":{"_seopress_robots_primary_cat":"none","_seopress_titles_title":"","_seopress_titles_desc":"","_seopress_robots_index":"","_et_pb_use_builder":"","_et_pb_old_content":"","_et_gb_content_width":"","inline_featured_image":false,"footnotes":""},"categories":[14],"tags":[],"class_list":["post-405829","post","type-post","status-publish","format-standard","has-post-thumbnail","hentry","category-vijesti"],"_links":{"self":[{"href":"https:\/\/www.pcnen.com\/portal\/wp-json\/wp\/v2\/posts\/405829","targetHints":{"allow":["GET"]}}],"collection":[{"href":"https:\/\/www.pcnen.com\/portal\/wp-json\/wp\/v2\/posts"}],"about":[{"href":"https:\/\/www.pcnen.com\/portal\/wp-json\/wp\/v2\/types\/post"}],"author":[{"embeddable":true,"href":"https:\/\/www.pcnen.com\/portal\/wp-json\/wp\/v2\/users\/1"}],"replies":[{"embeddable":true,"href":"https:\/\/www.pcnen.com\/portal\/wp-json\/wp\/v2\/comments?post=405829"}],"version-history":[{"count":1,"href":"https:\/\/www.pcnen.com\/portal\/wp-json\/wp\/v2\/posts\/405829\/revisions"}],"predecessor-version":[{"id":405832,"href":"https:\/\/www.pcnen.com\/portal\/wp-json\/wp\/v2\/posts\/405829\/revisions\/405832"}],"wp:featuredmedia":[{"embeddable":true,"href":"https:\/\/www.pcnen.com\/portal\/wp-json\/wp\/v2\/media\/283323"}],"wp:attachment":[{"href":"https:\/\/www.pcnen.com\/portal\/wp-json\/wp\/v2\/media?parent=405829"}],"wp:term":[{"taxonomy":"category","embeddable":true,"href":"https:\/\/www.pcnen.com\/portal\/wp-json\/wp\/v2\/categories?post=405829"},{"taxonomy":"post_tag","embeddable":true,"href":"https:\/\/www.pcnen.com\/portal\/wp-json\/wp\/v2\/tags?post=405829"}],"curies":[{"name":"wp","href":"https:\/\/api.w.org\/{rel}","templated":true}]}}