{"id":405825,"date":"2024-06-28T21:07:57","date_gmt":"2024-06-28T19:07:57","guid":{"rendered":"https:\/\/www.pcnen.com\/portal\/?p=405825"},"modified":"2024-06-28T21:07:57","modified_gmt":"2024-06-28T19:07:57","slug":"protest-u-loznici-zvizduci-za-rio-tinto-nece-biti-rudarenja-litijuma-video","status":"publish","type":"post","link":"https:\/\/www.pcnen.com\/portal\/2024\/06\/28\/protest-u-loznici-zvizduci-za-rio-tinto-nece-biti-rudarenja-litijuma-video\/","title":{"rendered":"Protest u Loznici: Zvi\u017educi za Rio Tinto, ne\u0107e biti rudarenja litijuma (video)"},"content":{"rendered":"<p>U Loznici je ve\u010deras, sa protesta protiv projekta &#8220;Jadar&#8221; za iskopavanje litijuma i kompanije &#8220;Rio Tinto&#8221; poru\u010deno da toj me\u0111unarodnoj kompaniji nije mjesto u Srbiji i da ne\u0107e biti rudarenja tog minerala, prenosi Beta.<\/p>\n<p>&#8220;Rio Tinto, ne\u0107e\u0161 kopati, Rio Tinto, mar\u0161 iz Srbije&#8221;, skandirali su, na po\u010detku protesta oko 19.30 okupljeni koji su, kako je re\u010deno sa improvizovan bine, &#8220;do\u0161li da brane Srbiju&#8221;.<\/p>\n<p>&#8220;\u017divot i rudnik ne mogu zajedno, birajte, \u017eivot ili rudnik&#8221;, istaknuto je na protestu.<\/p>\n<p>Zatra\u017eeno je i da podru\u010dje Jadra budu za\u0161ti\u0107eno kao prirodna cjelina, te nagla\u0161eno da to mo\u017ee biti ura\u0111eno samo ukoliko ne bude rudarenja litijuma.<\/p>\n<p>Protest je organizovao Savez Ekolo\u0161kih Organizacija Srbije.<\/p>\n<p>Predsjednik Srbije Aleksandar Vu\u010di\u0107 je izjavio 24. juna da \u017eeli da gra\u0111ani Srbije odlu\u010de o otvaranju rudnika litijuma, kao i da to nije odluka koja se donosi brzo.<\/p>\n<p><iframe loading=\"lazy\" title=\"YouTube video player\" src=\"https:\/\/www.youtube.com\/embed\/t7JDqY8xqOU?si=CI2IHyDp3giB5v0n\" width=\"560\" height=\"315\" frameborder=\"0\" allowfullscreen=\"allowfullscreen\"><\/iframe><\/p>\n","protected":false},"excerpt":{"rendered":"<p>U Loznici je ve\u010deras, sa protesta protiv projekta &#8220;Jadar&#8221; za iskopavanje litijuma i kompanije &#8220;Rio Tinto&#8221; poru\u010deno da toj me\u0111unarodnoj kompaniji nije mjesto u Srbiji i da ne\u0107e biti rudarenja tog minerala<\/p>\n","protected":false},"author":1,"featured_media":336727,"comment_status":"open","ping_status":"closed","sticky":false,"template":"","format":"standard","meta":{"_seopress_robots_primary_cat":"none","_seopress_titles_title":"","_seopress_titles_desc":"","_seopress_robots_index":"","_et_pb_use_builder":"","_et_pb_old_content":"","_et_gb_content_width":"","inline_featured_image":false,"footnotes":""},"categories":[14],"tags":[],"class_list":["post-405825","post","type-post","status-publish","format-standard","has-post-thumbnail","hentry","category-vijesti"],"_links":{"self":[{"href":"https:\/\/www.pcnen.com\/portal\/wp-json\/wp\/v2\/posts\/405825","targetHints":{"allow":["GET"]}}],"collection":[{"href":"https:\/\/www.pcnen.com\/portal\/wp-json\/wp\/v2\/posts"}],"about":[{"href":"https:\/\/www.pcnen.com\/portal\/wp-json\/wp\/v2\/types\/post"}],"author":[{"embeddable":true,"href":"https:\/\/www.pcnen.com\/portal\/wp-json\/wp\/v2\/users\/1"}],"replies":[{"embeddable":true,"href":"https:\/\/www.pcnen.com\/portal\/wp-json\/wp\/v2\/comments?post=405825"}],"version-history":[{"count":1,"href":"https:\/\/www.pcnen.com\/portal\/wp-json\/wp\/v2\/posts\/405825\/revisions"}],"predecessor-version":[{"id":405828,"href":"https:\/\/www.pcnen.com\/portal\/wp-json\/wp\/v2\/posts\/405825\/revisions\/405828"}],"wp:featuredmedia":[{"embeddable":true,"href":"https:\/\/www.pcnen.com\/portal\/wp-json\/wp\/v2\/media\/336727"}],"wp:attachment":[{"href":"https:\/\/www.pcnen.com\/portal\/wp-json\/wp\/v2\/media?parent=405825"}],"wp:term":[{"taxonomy":"category","embeddable":true,"href":"https:\/\/www.pcnen.com\/portal\/wp-json\/wp\/v2\/categories?post=405825"},{"taxonomy":"post_tag","embeddable":true,"href":"https:\/\/www.pcnen.com\/portal\/wp-json\/wp\/v2\/tags?post=405825"}],"curies":[{"name":"wp","href":"https:\/\/api.w.org\/{rel}","templated":true}]}}