{"id":405821,"date":"2024-06-28T20:33:12","date_gmt":"2024-06-28T18:33:12","guid":{"rendered":"https:\/\/www.pcnen.com\/portal\/?p=405821"},"modified":"2024-06-28T20:33:12","modified_gmt":"2024-06-28T18:33:12","slug":"vlada-pet-miliona-eura-institutu-dr-simo-milosevic","status":"publish","type":"post","link":"https:\/\/www.pcnen.com\/portal\/2024\/06\/28\/vlada-pet-miliona-eura-institutu-dr-simo-milosevic\/","title":{"rendered":"Vlada: Pet miliona eura Institutu Dr Simo Milo\u0161evi\u0107"},"content":{"rendered":"<p>Vlada Crne Gore je danas, na tzv. telefonskoj sjednici, a na osnovu pribavljenih saglasnosti ve\u0107ine \u010dlanova, usvojila &#8220;predlogu za uplatu proknji\u017eenih obaveza i upatu sredstava po osnovu usluga o pru\u017eanju specijalizovane medicinske rehabilitacije u toku 2024. godine, Fonda za zdravstveno osiguranje Crne Gore prema Institutu za fizikalnu medicinu, rehabilitaciju i reumatologiju Dr Simo Milo\u0161evi\u0107 A.D. Igalo, u iznosu od 5.000.000,00 \u20ac&#8221;.<\/p>\n<p>&#8220;Ova odluka dolazi u skladu sa dogovorom koji je postignut izme\u0111u Vlade i manjinskog akcionara Vile Oliva, a koji se ti\u010de deblokade ra\u010duna Instituta. Kako je najavio i premijer Milojko Spaji\u0107 Vlada je proaktivno reagovala i ve\u0107 obezbijedila obe\u0107ana sredstva, koja \u0107e biti upla\u0107ena na ra\u010dun Instituta u najkra\u0107em roku&#8221;, saop\u0161teno je iz Vlade.<\/p>\n","protected":false},"excerpt":{"rendered":"<p>Vlada \u0107e uplatiti pet miliona eura za deblokadu ra\u010duna Instituta Dr Simo Milo\u0161evi\u0107 u Igalu<\/p>\n","protected":false},"author":1,"featured_media":331445,"comment_status":"open","ping_status":"closed","sticky":false,"template":"","format":"standard","meta":{"_seopress_robots_primary_cat":"none","_seopress_titles_title":"","_seopress_titles_desc":"","_seopress_robots_index":"","_et_pb_use_builder":"","_et_pb_old_content":"","_et_gb_content_width":"","inline_featured_image":false,"footnotes":""},"categories":[14],"tags":[],"class_list":["post-405821","post","type-post","status-publish","format-standard","has-post-thumbnail","hentry","category-vijesti"],"_links":{"self":[{"href":"https:\/\/www.pcnen.com\/portal\/wp-json\/wp\/v2\/posts\/405821","targetHints":{"allow":["GET"]}}],"collection":[{"href":"https:\/\/www.pcnen.com\/portal\/wp-json\/wp\/v2\/posts"}],"about":[{"href":"https:\/\/www.pcnen.com\/portal\/wp-json\/wp\/v2\/types\/post"}],"author":[{"embeddable":true,"href":"https:\/\/www.pcnen.com\/portal\/wp-json\/wp\/v2\/users\/1"}],"replies":[{"embeddable":true,"href":"https:\/\/www.pcnen.com\/portal\/wp-json\/wp\/v2\/comments?post=405821"}],"version-history":[{"count":1,"href":"https:\/\/www.pcnen.com\/portal\/wp-json\/wp\/v2\/posts\/405821\/revisions"}],"predecessor-version":[{"id":405824,"href":"https:\/\/www.pcnen.com\/portal\/wp-json\/wp\/v2\/posts\/405821\/revisions\/405824"}],"wp:featuredmedia":[{"embeddable":true,"href":"https:\/\/www.pcnen.com\/portal\/wp-json\/wp\/v2\/media\/331445"}],"wp:attachment":[{"href":"https:\/\/www.pcnen.com\/portal\/wp-json\/wp\/v2\/media?parent=405821"}],"wp:term":[{"taxonomy":"category","embeddable":true,"href":"https:\/\/www.pcnen.com\/portal\/wp-json\/wp\/v2\/categories?post=405821"},{"taxonomy":"post_tag","embeddable":true,"href":"https:\/\/www.pcnen.com\/portal\/wp-json\/wp\/v2\/tags?post=405821"}],"curies":[{"name":"wp","href":"https:\/\/api.w.org\/{rel}","templated":true}]}}