{"id":405788,"date":"2024-06-28T15:04:12","date_gmt":"2024-06-28T13:04:12","guid":{"rendered":"https:\/\/www.pcnen.com\/portal\/?p=405788"},"modified":"2024-06-28T15:04:12","modified_gmt":"2024-06-28T13:04:12","slug":"predsjednik-bolivije-pokusaj-puca-se-desio-zbog-litijuma","status":"publish","type":"post","link":"https:\/\/www.pcnen.com\/portal\/2024\/06\/28\/predsjednik-bolivije-pokusaj-puca-se-desio-zbog-litijuma\/","title":{"rendered":"Predsjednik Bolivije: Poku\u0161aj pu\u010da se desio zbog litijuma"},"content":{"rendered":"<p>Nedavni poku\u0161aj pu\u010da u Boliviji se desio zbog litijuma, rekao je bolivijski predsjednik Luis Arse u intervjuu za RT.<\/p>\n<p>S obzirom na to da se u Boliviji trenutno pregovara o dugoro\u010dnom ugovoru za dodjelu litijumskog projekta, tamo\u0161nje vlasti nisu odbacile verziju da u dr\u017eavnom udaru postoje unutra\u0161nji i spoljni interesi, istakao je Arse.<\/p>\n<p>Prema njegovim re\u010dima, svaki dr\u017eavni udar ima veze sa ne\u010dijim interesom, a u slu\u010daju Latinske Amerike je to vi\u0161e puta potvr\u0111eno.<\/p>\n<p>&#8220;Ovdje je svaki dr\u017eavni prevrat imao neke unutra\u0161nje, ali i spoljne interese. Ovo smo ve\u0107 iskusili&#8221;, naveo je bolivijski predsjednik.<\/p>\n<p>Poku\u0161aj dr\u017eavnog udara u Boliviji \u2013 dr\u017eavi od 10 miliona stanovnika koja se nalazi u srcu Ju\u017ene Amerike \u2013 osuje\u0107en je nakan \u0161to su pristalice aktuelnog predsjednika Luisa Arsea iza\u0161le na ulice, a pripadnici vojske se povukli sa glavnog trga u prestonici La Pazu.<\/p>\n<blockquote class=\"wp-embedded-content\" data-secret=\"EVzoc5bU5O\"><p><a href=\"https:\/\/www.pcnen.com\/portal\/2024\/06\/27\/bolivija-propao-pokusaj-drzavnog-udara\/\">Bolivija: Propao poku\u0161aj dr\u017eavnog udara<\/a><\/p><\/blockquote>\n<p><iframe loading=\"lazy\" class=\"wp-embedded-content\" sandbox=\"allow-scripts\" security=\"restricted\" style=\"position: absolute; clip: rect(1px, 1px, 1px, 1px);\" title=\"&#8220;Bolivija: Propao poku\u0161aj dr\u017eavnog udara&#8221; &#8212; PCNEN\" src=\"https:\/\/www.pcnen.com\/portal\/2024\/06\/27\/bolivija-propao-pokusaj-drzavnog-udara\/embed\/#?secret=e3HmeZS1wj#?secret=EVzoc5bU5O\" data-secret=\"EVzoc5bU5O\" width=\"600\" height=\"338\" frameborder=\"0\" marginwidth=\"0\" marginheight=\"0\" scrolling=\"no\"><\/iframe><\/p>\n","protected":false},"excerpt":{"rendered":"<p>Nedavni poku\u0161aj pu\u010da u Boliviji se desio zbog litijuma, rekao je bolivijski predsjednik Luis Arse u intervjuu za RT<\/p>\n","protected":false},"author":1,"featured_media":405668,"comment_status":"open","ping_status":"closed","sticky":false,"template":"","format":"standard","meta":{"_seopress_robots_primary_cat":"none","_seopress_titles_title":"","_seopress_titles_desc":"","_seopress_robots_index":"","_et_pb_use_builder":"","_et_pb_old_content":"","_et_gb_content_width":"","inline_featured_image":false,"footnotes":""},"categories":[14],"tags":[],"class_list":["post-405788","post","type-post","status-publish","format-standard","has-post-thumbnail","hentry","category-vijesti"],"_links":{"self":[{"href":"https:\/\/www.pcnen.com\/portal\/wp-json\/wp\/v2\/posts\/405788","targetHints":{"allow":["GET"]}}],"collection":[{"href":"https:\/\/www.pcnen.com\/portal\/wp-json\/wp\/v2\/posts"}],"about":[{"href":"https:\/\/www.pcnen.com\/portal\/wp-json\/wp\/v2\/types\/post"}],"author":[{"embeddable":true,"href":"https:\/\/www.pcnen.com\/portal\/wp-json\/wp\/v2\/users\/1"}],"replies":[{"embeddable":true,"href":"https:\/\/www.pcnen.com\/portal\/wp-json\/wp\/v2\/comments?post=405788"}],"version-history":[{"count":1,"href":"https:\/\/www.pcnen.com\/portal\/wp-json\/wp\/v2\/posts\/405788\/revisions"}],"predecessor-version":[{"id":405791,"href":"https:\/\/www.pcnen.com\/portal\/wp-json\/wp\/v2\/posts\/405788\/revisions\/405791"}],"wp:featuredmedia":[{"embeddable":true,"href":"https:\/\/www.pcnen.com\/portal\/wp-json\/wp\/v2\/media\/405668"}],"wp:attachment":[{"href":"https:\/\/www.pcnen.com\/portal\/wp-json\/wp\/v2\/media?parent=405788"}],"wp:term":[{"taxonomy":"category","embeddable":true,"href":"https:\/\/www.pcnen.com\/portal\/wp-json\/wp\/v2\/categories?post=405788"},{"taxonomy":"post_tag","embeddable":true,"href":"https:\/\/www.pcnen.com\/portal\/wp-json\/wp\/v2\/tags?post=405788"}],"curies":[{"name":"wp","href":"https:\/\/api.w.org\/{rel}","templated":true}]}}