{"id":405748,"date":"2024-06-28T19:45:33","date_gmt":"2024-06-28T17:45:33","guid":{"rendered":"https:\/\/www.pcnen.com\/portal\/?p=405748"},"modified":"2024-06-28T20:23:30","modified_gmt":"2024-06-28T18:23:30","slug":"skupstina-vecina-usvojila-rezolucije-o-genocidu-u-jasenovcu-dahau-i-mauthauzenu","status":"publish","type":"post","link":"https:\/\/www.pcnen.com\/portal\/2024\/06\/28\/skupstina-vecina-usvojila-rezolucije-o-genocidu-u-jasenovcu-dahau-i-mauthauzenu\/","title":{"rendered":"Skup\u0161tina: Ve\u0107ina usvojila rezolucije o genocidu u Jasenovcu, Dahau i Mauthauzenu"},"content":{"rendered":"<p>Glasovima 41 poslanika\/ca, Skup\u0161tina Crne Gore je, bez prisustva opozicije, usvojila rezuluciju o genocidu u Jasenovcu, Dahau i Mathauzenu. Predsjednik Skup\u0161tine Andrija Mandi\u0107 i poslaniik Milan Kne\u017eevi\u0107 su, nakon \u0161to je izvorni <a href=\"https:\/\/zakoni.skupstina.me\/zakoni\/web\/dokumenta\/zakoni-i-drugi-akti\/241\/3401-19373-00-71-24-3.pdf\" target=\"_blank\" rel=\"noopener\">predlog rezolucije<\/a> uvr\u0161ten u dnevni red, predlo\u017eila <a href=\"https:\/\/zakoni.skupstina.me\/zakoni\/web\/dokumenta\/zakoni-i-drugi-akti\/241\/3401-19580-00-71-24-3-5.pdf\" target=\"_blank\" rel=\"noopener\">amandman<\/a> kojim su u naziv rezolucije uklju\u010deni nacisti\u010dki logori Dahau i Mauthauzen.<\/p>\n<p>Poslanik Ujedinjene Crne Gore Vladimir Dobri\u010danin se usprotivio ovom amandmanu, ocjenjuju\u0107i da se time umanjuje zna\u010daj zlo\u010dina u Jasenovcu. <a href=\"https:\/\/zakoni.skupstina.me\/zakoni\/web\/dokumenta\/zakoni-i-drugi-akti\/241\/3401-19582-00-71-24-3-7.pdf\" target=\"_blank\" rel=\"noopener\">Amandmani<\/a> koje je on predlo\u017eio na izvorni predlog teksta rezolucije odbijeni su.<\/p>\n<p>Opoziciona Demokratska partija socijalista je optu\u017eila Mandi\u0107a i parlamentarnu ve\u0107inu za kr\u0161enje poslovnika ovakvim uklju\u010divanjem predloga rezolucije u dnevni red sjednice, ali je poru\u010deno da \u0107e u\u010destovati u debati.<\/p>\n<p>Poslanik Socijaldemokrata NIkola Zirojevi\u0107 je predlo\u017eio usvajanje Rezolucije o zlo\u010dinu Izraela u Palestini. Predlog je usvojen.<\/p>\n<p>Oba predloga su prethodno dobila zaleno svijetlo u skup\u0161tinskom Zakonodavnom odboru.<\/p>\n<p>Nakon po\u010detka sjednice odre\u0111ena je pauza, na zahtjev opozicije, koja je optu\u017eila predsjednika Skup\u0161tine za kr\u0161enje skup\u0161tinskog poslovnika i zatra\u017eila da se o tome\u00a0 raspravlja na kolegijumu predsjednika Skup\u0161tine<\/p>\n<p><iframe loading=\"lazy\" title=\"YouTube video player\" src=\"https:\/\/www.youtube.com\/embed\/G7BXbtegqEI?si=Mhvi1QjrT5mxe8SH\" width=\"560\" height=\"315\" frameborder=\"0\" allowfullscreen=\"allowfullscreen\"><\/iframe><\/p>\n","protected":false},"excerpt":{"rendered":"<p>Predsjednik Skup\u0161tine Andrija Mandi\u0107 i poslaniik Milan Kne\u017eevi\u0107 su, nakon \u0161to je predlog\u00a0 rezolucije uvr\u0161ten u dnevni red, predlo\u017eila amandman kojim su u naziv rezolucije uklju\u010deni nacisti\u010dki logori Dahau i Mathauzen<\/p>\n","protected":false},"author":1,"featured_media":392088,"comment_status":"open","ping_status":"closed","sticky":false,"template":"","format":"standard","meta":{"_seopress_robots_primary_cat":"none","_seopress_titles_title":"","_seopress_titles_desc":"","_seopress_robots_index":"","_et_pb_use_builder":"","_et_pb_old_content":"","_et_gb_content_width":"","inline_featured_image":false,"footnotes":""},"categories":[14],"tags":[],"class_list":["post-405748","post","type-post","status-publish","format-standard","has-post-thumbnail","hentry","category-vijesti"],"_links":{"self":[{"href":"https:\/\/www.pcnen.com\/portal\/wp-json\/wp\/v2\/posts\/405748","targetHints":{"allow":["GET"]}}],"collection":[{"href":"https:\/\/www.pcnen.com\/portal\/wp-json\/wp\/v2\/posts"}],"about":[{"href":"https:\/\/www.pcnen.com\/portal\/wp-json\/wp\/v2\/types\/post"}],"author":[{"embeddable":true,"href":"https:\/\/www.pcnen.com\/portal\/wp-json\/wp\/v2\/users\/1"}],"replies":[{"embeddable":true,"href":"https:\/\/www.pcnen.com\/portal\/wp-json\/wp\/v2\/comments?post=405748"}],"version-history":[{"count":17,"href":"https:\/\/www.pcnen.com\/portal\/wp-json\/wp\/v2\/posts\/405748\/revisions"}],"predecessor-version":[{"id":405820,"href":"https:\/\/www.pcnen.com\/portal\/wp-json\/wp\/v2\/posts\/405748\/revisions\/405820"}],"wp:featuredmedia":[{"embeddable":true,"href":"https:\/\/www.pcnen.com\/portal\/wp-json\/wp\/v2\/media\/392088"}],"wp:attachment":[{"href":"https:\/\/www.pcnen.com\/portal\/wp-json\/wp\/v2\/media?parent=405748"}],"wp:term":[{"taxonomy":"category","embeddable":true,"href":"https:\/\/www.pcnen.com\/portal\/wp-json\/wp\/v2\/categories?post=405748"},{"taxonomy":"post_tag","embeddable":true,"href":"https:\/\/www.pcnen.com\/portal\/wp-json\/wp\/v2\/tags?post=405748"}],"curies":[{"name":"wp","href":"https:\/\/api.w.org\/{rel}","templated":true}]}}