{"id":405724,"date":"2024-06-28T06:40:09","date_gmt":"2024-06-28T04:40:09","guid":{"rendered":"https:\/\/www.pcnen.com\/portal\/?p=405724"},"modified":"2024-06-28T06:40:09","modified_gmt":"2024-06-28T04:40:09","slug":"na-jugu-suncano-na-sjeveru-promjenljivo-oblacno-2","status":"publish","type":"post","link":"https:\/\/www.pcnen.com\/portal\/2024\/06\/28\/na-jugu-suncano-na-sjeveru-promjenljivo-oblacno-2\/","title":{"rendered":"Na jugu sun\u010dano, na sjeveru promjenljivo obla\u010dno"},"content":{"rendered":"<p>U ju\u017enim predjelima Crne Gore bi\u0107e danas sun\u010dano, uz slab do umjeren razvoj dnevne obla\u010dnosti, dok \u0107e na sjeveru zemlje biti promjenljivo obla\u010dno sa sun\u010danim periodima.<\/p>\n<p>Ujutruo \u0107e po kotlinama u sjevernom dijelu Crne Gore biti mogu\u0107a magla ili pove\u0107ana niska obla\u010dnost, a poslijepodne ponegdje slaba ki\u0161a.<\/p>\n<p>Slab do umjeren vjetar \u0107e mijenjati smjer, pa \u0107e poslijepodne i tokom no\u0107i ponegdje duvati umjereno do poja\u010dano sa sjevera.<\/p>\n<p>Najvi\u0161a dnevna temperature vazduha bi\u0107e u intervalu od 21-32 stepena.<\/p>\n","protected":false},"excerpt":{"rendered":"<p>Poslijepodne mogu\u0107a  slaba ki\u0161a ponegdje u sjevernom dijelu Crne Gore<\/p>\n","protected":false},"author":1,"featured_media":390541,"comment_status":"open","ping_status":"closed","sticky":false,"template":"","format":"standard","meta":{"_seopress_robots_primary_cat":"none","_seopress_titles_title":"","_seopress_titles_desc":"","_seopress_robots_index":"","_et_pb_use_builder":"","_et_pb_old_content":"","_et_gb_content_width":"","inline_featured_image":false,"footnotes":""},"categories":[14],"tags":[],"class_list":["post-405724","post","type-post","status-publish","format-standard","has-post-thumbnail","hentry","category-vijesti"],"_links":{"self":[{"href":"https:\/\/www.pcnen.com\/portal\/wp-json\/wp\/v2\/posts\/405724","targetHints":{"allow":["GET"]}}],"collection":[{"href":"https:\/\/www.pcnen.com\/portal\/wp-json\/wp\/v2\/posts"}],"about":[{"href":"https:\/\/www.pcnen.com\/portal\/wp-json\/wp\/v2\/types\/post"}],"author":[{"embeddable":true,"href":"https:\/\/www.pcnen.com\/portal\/wp-json\/wp\/v2\/users\/1"}],"replies":[{"embeddable":true,"href":"https:\/\/www.pcnen.com\/portal\/wp-json\/wp\/v2\/comments?post=405724"}],"version-history":[{"count":1,"href":"https:\/\/www.pcnen.com\/portal\/wp-json\/wp\/v2\/posts\/405724\/revisions"}],"predecessor-version":[{"id":405727,"href":"https:\/\/www.pcnen.com\/portal\/wp-json\/wp\/v2\/posts\/405724\/revisions\/405727"}],"wp:featuredmedia":[{"embeddable":true,"href":"https:\/\/www.pcnen.com\/portal\/wp-json\/wp\/v2\/media\/390541"}],"wp:attachment":[{"href":"https:\/\/www.pcnen.com\/portal\/wp-json\/wp\/v2\/media?parent=405724"}],"wp:term":[{"taxonomy":"category","embeddable":true,"href":"https:\/\/www.pcnen.com\/portal\/wp-json\/wp\/v2\/categories?post=405724"},{"taxonomy":"post_tag","embeddable":true,"href":"https:\/\/www.pcnen.com\/portal\/wp-json\/wp\/v2\/tags?post=405724"}],"curies":[{"name":"wp","href":"https:\/\/api.w.org\/{rel}","templated":true}]}}