{"id":405693,"date":"2024-06-27T12:02:03","date_gmt":"2024-06-27T10:02:03","guid":{"rendered":"https:\/\/www.pcnen.com\/portal\/?p=405693"},"modified":"2024-06-27T12:02:03","modified_gmt":"2024-06-27T10:02:03","slug":"mandic-skupstina-sjutra-o-rezoluciji-o-genocidu-u-jasenovcu","status":"publish","type":"post","link":"https:\/\/www.pcnen.com\/portal\/2024\/06\/27\/mandic-skupstina-sjutra-o-rezoluciji-o-genocidu-u-jasenovcu\/","title":{"rendered":"Mandi\u0107: Skup\u0161tina sjutra o rezoluciji o genocidu u Jasenovcu"},"content":{"rendered":"<p>Predsjednik parlamenta Andrija Mandi\u0107 je predlo\u017eio da dnevni red sjutra\u0161njeg zasijedanja Skup\u0161tine bude dopunjen predlogom rezolucije o genocidu u Jasenovcu.<\/p>\n<p>Predlog je objavljen na sajtu parlamenta.<\/p>\n<p>Prema predlogu rezolucije, svjesna istorijske va\u017enosti Jasenovca kao mjesta gdje su \u017eivote izgubili nevini ljudi, Skup\u0161tina Crne Gore odlu\u010duje da 22. april bude zvani\u010dno priznat kao Dan sje\u0107anja na genocid u Jasenovcu, koji \u0107e se obilje\u017eavati svake godine.<\/p>\n<p>Predlog rezolucije o genocidu u Jasenovcu potpisala su 43 poslanika parlamentarne ve\u0107ine. Tekst Predloga rezolucije o genocidu u Jasenovcu po\u010dinje konstatacijom da se ona pokre\u0107e \u201epolaze\u0107i od najvi\u0161ih vrijednosti ustavnog poretka i op\u0161te prihva\u0107enih pravila me\u0111unarodnog prava\u201d.<\/p>\n<p>&#8220;Uvjereni da su znanje i svijest gra\u0111ana o masovnim stradanjima preduslov za borbu demokratskog svijeta protiv totalitarnih ideja i sli\u010dnih projekata, progona na etni\u010dkoj ili vjjerskoj osnovi, kao i kr\u0161enja ljudskih prava\u201d, rezolucija je neophodna, posebno imaju\u0107i u vidu da je prema nepobitnim dokazima osnovan koncentracioni logor smrti u Jasenovcu, u kojem su u periodu od 1941. do 1945. godine mu\u010deni i ubijani Srbi, Jevreji, Romi, Hrvati, kao i drugi narodi\u201d, dodaje se.<\/p>\n<p>U Predlogu rezolucije navodi se da su \u201ejedinstveni u osudi svih zlo\u010dina na tlu na\u0161e dr\u017eave i biv\u0161e Jugoslavije, u izra\u017eavanju pijeteta prema svim \u017ertvama tih zlo\u010dina, kao i u saosje\u0107anju s patnjama njihovih porodica, i potvr\u0111uju &#8216;principijelan stav, zasnovan na doma\u0107em i me\u0111unarodnom pravu, da odgovornost mo\u017ee biti isklju\u010divo individualna, kao i da nijedan narod ne mo\u017ee biti ozna\u010den kao genocidan ili zlo\u010dina\u010dki\u201d.<\/p>\n<p>Navodi se da Skup\u0161tina Crne Gore osu\u0111uje svako poricanje genocida u Jasenovcu i poziva na o\u010duvanje sje\u0107anja na te tragi\u010dne doga\u0111aje kroz obrazovne programe i aktivnosti koje \u0107e sprije\u010diti bilo kakav oblik revizionizma. Crnogorski parlament \u0107e, ako rezolucija bude usvojena, svake godine slati delegaciju koja \u0107e u\u010destvovati u programima komemoracije 22. aprila u Jasenovcu.<\/p>\n","protected":false},"excerpt":{"rendered":"<p>Predsjednik parlamenta Andrija Mandi\u0107 je predlo\u017eio da dnevni red sjutra\u0161njeg zasijedanja Skup\u0161tine bude dopunjen predlogom rezolucije o genocidu u Jasenovcu.<\/p>\n","protected":false},"author":1,"featured_media":353176,"comment_status":"open","ping_status":"closed","sticky":false,"template":"","format":"standard","meta":{"_seopress_robots_primary_cat":"none","_seopress_titles_title":"","_seopress_titles_desc":"","_seopress_robots_index":"","_et_pb_use_builder":"","_et_pb_old_content":"","_et_gb_content_width":"","inline_featured_image":false,"footnotes":""},"categories":[14],"tags":[],"class_list":["post-405693","post","type-post","status-publish","format-standard","has-post-thumbnail","hentry","category-vijesti"],"_links":{"self":[{"href":"https:\/\/www.pcnen.com\/portal\/wp-json\/wp\/v2\/posts\/405693","targetHints":{"allow":["GET"]}}],"collection":[{"href":"https:\/\/www.pcnen.com\/portal\/wp-json\/wp\/v2\/posts"}],"about":[{"href":"https:\/\/www.pcnen.com\/portal\/wp-json\/wp\/v2\/types\/post"}],"author":[{"embeddable":true,"href":"https:\/\/www.pcnen.com\/portal\/wp-json\/wp\/v2\/users\/1"}],"replies":[{"embeddable":true,"href":"https:\/\/www.pcnen.com\/portal\/wp-json\/wp\/v2\/comments?post=405693"}],"version-history":[{"count":1,"href":"https:\/\/www.pcnen.com\/portal\/wp-json\/wp\/v2\/posts\/405693\/revisions"}],"predecessor-version":[{"id":405696,"href":"https:\/\/www.pcnen.com\/portal\/wp-json\/wp\/v2\/posts\/405693\/revisions\/405696"}],"wp:featuredmedia":[{"embeddable":true,"href":"https:\/\/www.pcnen.com\/portal\/wp-json\/wp\/v2\/media\/353176"}],"wp:attachment":[{"href":"https:\/\/www.pcnen.com\/portal\/wp-json\/wp\/v2\/media?parent=405693"}],"wp:term":[{"taxonomy":"category","embeddable":true,"href":"https:\/\/www.pcnen.com\/portal\/wp-json\/wp\/v2\/categories?post=405693"},{"taxonomy":"post_tag","embeddable":true,"href":"https:\/\/www.pcnen.com\/portal\/wp-json\/wp\/v2\/tags?post=405693"}],"curies":[{"name":"wp","href":"https:\/\/api.w.org\/{rel}","templated":true}]}}