{"id":405689,"date":"2024-06-27T11:56:51","date_gmt":"2024-06-27T09:56:51","guid":{"rendered":"https:\/\/www.pcnen.com\/portal\/?p=405689"},"modified":"2024-06-27T11:56:51","modified_gmt":"2024-06-27T09:56:51","slug":"volkov-veljovic-mora-da-se-lijeci-u-inostranstvu-cekamo-odluku-konzilijuma","status":"publish","type":"post","link":"https:\/\/www.pcnen.com\/portal\/2024\/06\/27\/volkov-veljovic-mora-da-se-lijeci-u-inostranstvu-cekamo-odluku-konzilijuma\/","title":{"rendered":"Volkov: Veljovi\u0107 mora da se lije\u010di u inostranstvu, \u010dekamo odluku konzilijuma"},"content":{"rendered":"<p>Biv\u0161i direktor Uprave policije Veselin Veljovi\u0107 vra\u0107en je sa bolni\u010dkog lije\u010denja u Istra\u017eni zatvor u Spu\u017eu, saop\u0161tio je za portal Adria njegov branilac Mihailo Volkov.<\/p>\n<p>\u201cNjega je neophodno uputiti na inostrano lije\u010denje, \u010deka se odluka konzilijuma\u201d, rekao je Volkov.<\/p>\n<p>Nekada\u0161nji, dugogodi\u0161nji \u0161ef policije, koji je bio jedan od klju\u010dnih ljudi u sektoru bezbjednosti u posljednje tri decenije, uhap\u0161en je 24. jula pro\u0161le godine, po nalogu Specijalnog dr\u017eavnog tu\u017eila\u0161tva pa se od tada nalazi u pritvoru.<\/p>\n<p>Specijalno dr\u017eavno tu\u017eila\u0161tvo u januaru je predalo optu\u017enicu protiv 15 osoba, uklju\u010duju\u0107i i Veljovi\u0107a, koji se tereti da je zloupotrijebio slu\u017ebeni polo\u017eaj u korist kriminalne organizacije, koju je formirao odbjegli Nik\u0161i\u0107anin Aleksandar Aco Mrki\u0107.<\/p>\n<p>Kriminalna grupa Mrki\u0107a, kako tvrdi SDT, godinama se bavila \u0161vercom cigareta.<\/p>\n<p>Optu\u017enica je podignuta i protiv Arsenija Kalezi\u0107a, Muja Niko\u010devi\u0107a, Nikole Mrki\u0107a, \u017deljka Bulatovi\u0107a, Du\u0161ice Bulatovi\u0107, Predraga Velji\u0107a, Borislava Le\u010di\u0107a, Nemanje An\u0111elkovi\u0107a, Gorana Glu\u0161\u010devi\u0107a, Nikole Ba\u010dilovi\u0107a, Sadiga Elnagara, Nikole Bubanje i Stefana Bubanje.<\/p>\n<p><a href=\"https:\/\/www.pcnen.com\/portal\/?s=Veljovi%C4%87\">VEZANE VIJESTI<\/a><\/p>\n","protected":false},"excerpt":{"rendered":"<p>Biv\u0161i direktor Uprave policije Veselin Veljovi\u0107 vra\u0107en je sa bolni\u010dkog lije\u010denja u Istra\u017eni zatvor u Spu\u017eu, saop\u0161tio je za portal Adria njegov branilac Mihailo Volkov.<\/p>\n","protected":false},"author":1,"featured_media":374690,"comment_status":"open","ping_status":"closed","sticky":false,"template":"","format":"standard","meta":{"_seopress_robots_primary_cat":"none","_seopress_titles_title":"","_seopress_titles_desc":"","_seopress_robots_index":"","_et_pb_use_builder":"","_et_pb_old_content":"","_et_gb_content_width":"","inline_featured_image":false,"footnotes":""},"categories":[14],"tags":[],"class_list":["post-405689","post","type-post","status-publish","format-standard","has-post-thumbnail","hentry","category-vijesti"],"_links":{"self":[{"href":"https:\/\/www.pcnen.com\/portal\/wp-json\/wp\/v2\/posts\/405689","targetHints":{"allow":["GET"]}}],"collection":[{"href":"https:\/\/www.pcnen.com\/portal\/wp-json\/wp\/v2\/posts"}],"about":[{"href":"https:\/\/www.pcnen.com\/portal\/wp-json\/wp\/v2\/types\/post"}],"author":[{"embeddable":true,"href":"https:\/\/www.pcnen.com\/portal\/wp-json\/wp\/v2\/users\/1"}],"replies":[{"embeddable":true,"href":"https:\/\/www.pcnen.com\/portal\/wp-json\/wp\/v2\/comments?post=405689"}],"version-history":[{"count":1,"href":"https:\/\/www.pcnen.com\/portal\/wp-json\/wp\/v2\/posts\/405689\/revisions"}],"predecessor-version":[{"id":405692,"href":"https:\/\/www.pcnen.com\/portal\/wp-json\/wp\/v2\/posts\/405689\/revisions\/405692"}],"wp:featuredmedia":[{"embeddable":true,"href":"https:\/\/www.pcnen.com\/portal\/wp-json\/wp\/v2\/media\/374690"}],"wp:attachment":[{"href":"https:\/\/www.pcnen.com\/portal\/wp-json\/wp\/v2\/media?parent=405689"}],"wp:term":[{"taxonomy":"category","embeddable":true,"href":"https:\/\/www.pcnen.com\/portal\/wp-json\/wp\/v2\/categories?post=405689"},{"taxonomy":"post_tag","embeddable":true,"href":"https:\/\/www.pcnen.com\/portal\/wp-json\/wp\/v2\/tags?post=405689"}],"curies":[{"name":"wp","href":"https:\/\/api.w.org\/{rel}","templated":true}]}}