{"id":405680,"date":"2024-06-27T11:09:35","date_gmt":"2024-06-27T09:09:35","guid":{"rendered":"https:\/\/www.pcnen.com\/portal\/?p=405680"},"modified":"2024-06-27T13:29:11","modified_gmt":"2024-06-27T11:29:11","slug":"katnic-osumnjicen-za-ratne-zlocine-u-cavtatu","status":"publish","type":"post","link":"https:\/\/www.pcnen.com\/portal\/2024\/06\/27\/katnic-osumnjicen-za-ratne-zlocine-u-cavtatu\/","title":{"rendered":"Katni\u0107 osumnji\u010den za ratne zlo\u010dine u Cavtatu"},"content":{"rendered":"<p>Biv\u0161i glavni specijalni tu\u017eilac Milivoje Katni\u0107 saslu\u0161an je ju\u010de u Specijalnom dr\u017eavnom tu\u017eila\u0161tvu (SDT) zbog osnova sumnje da je izvr\u0161io krivi\u010dno djelo &#8220;ratni zlo\u010din protiv civilnog stanovni\u0161tva&#8221; na podru\u010dju Cavtata tokom 1992. godin<a href=\"https:\/\/www.vijesti.me\/vijesti\/crna-hronika\/713337\/katnic-osumnjicen-za-ratne-zlocine-u-cavtatu\">e, saznaju Vijesti.<\/a><\/p>\n<p>Katni\u0107 je u SDT-u saslu\u0161an u svojstvu osumnji\u010denog.<\/p>\n<p>Prema informacijama Vijesti, SDT Katni\u0107u stavlja na teret da je kao oficir JNA, tokom oru\u017eanog sukoba na podru\u010dju Cavtata, ne\u010dovje\u010dno postupao prema civilima hrvatske nacionalnosti.<\/p>\n<p>Katni\u0107 je ju\u010de na saslu\u0161anju u Specijalnom dr\u017eavnom tu\u017eila\u0161tvu, pred tu\u017eiteljkom Tanjom \u010colan-Dereti\u0107, negirao optu\u017ebe da ima bilo kakve veze sa ratnim zlo\u010dinima.<\/p>\n<p>Biv\u0161i GST, koji se od 14. aprila nalazi u pritvoru zbog druge istrage, u vrijeme ratnih de\u0161avanja u Hrvatskoj je bio pomo\u0107nik komandanta za pravne poslove u komandi JNA u Cavtatu.<\/p>\n<blockquote class=\"wp-embedded-content\" data-secret=\"tNVKfjMVFf\"><p><a href=\"https:\/\/www.pcnen.com\/portal\/2014\/12\/05\/ratni-zlocini-nijesu-proslost\/\">Ratni zlo\u010dini nijesu pro\u0161lost<\/a><\/p><\/blockquote>\n<p><iframe loading=\"lazy\" class=\"wp-embedded-content\" sandbox=\"allow-scripts\" security=\"restricted\" style=\"position: absolute; clip: rect(1px, 1px, 1px, 1px);\" title=\"&#8220;Ratni zlo\u010dini nijesu pro\u0161lost&#8221; &#8212; PCNEN\" src=\"https:\/\/www.pcnen.com\/portal\/2014\/12\/05\/ratni-zlocini-nijesu-proslost\/embed\/#?secret=MGjFMgaLVW#?secret=tNVKfjMVFf\" data-secret=\"tNVKfjMVFf\" width=\"600\" height=\"338\" frameborder=\"0\" marginwidth=\"0\" marginheight=\"0\" scrolling=\"no\"><\/iframe><\/p>\n","protected":false},"excerpt":{"rendered":"<p>Biv\u0161i glavni specijalni tu\u017eilac Milivoje Katni\u0107 saslu\u0161an je ju\u010de u Specijalnom dr\u017eavnom tu\u017eila\u0161tvu (SDT) zbog osnova sumnje da je izvr\u0161io krivi\u010dno djelo &#8220;ratni zlo\u010din protiv civilnog stanovni\u0161tva&#8221; na podru\u010dju Cavtata tokom 1992. godine, saznaju Vijesti.<\/p>\n","protected":false},"author":1,"featured_media":404335,"comment_status":"open","ping_status":"closed","sticky":false,"template":"","format":"standard","meta":{"_seopress_robots_primary_cat":"none","_seopress_titles_title":"","_seopress_titles_desc":"","_seopress_robots_index":"","_et_pb_use_builder":"","_et_pb_old_content":"","_et_gb_content_width":"","inline_featured_image":false,"footnotes":""},"categories":[14],"tags":[],"class_list":["post-405680","post","type-post","status-publish","format-standard","has-post-thumbnail","hentry","category-vijesti"],"_links":{"self":[{"href":"https:\/\/www.pcnen.com\/portal\/wp-json\/wp\/v2\/posts\/405680","targetHints":{"allow":["GET"]}}],"collection":[{"href":"https:\/\/www.pcnen.com\/portal\/wp-json\/wp\/v2\/posts"}],"about":[{"href":"https:\/\/www.pcnen.com\/portal\/wp-json\/wp\/v2\/types\/post"}],"author":[{"embeddable":true,"href":"https:\/\/www.pcnen.com\/portal\/wp-json\/wp\/v2\/users\/1"}],"replies":[{"embeddable":true,"href":"https:\/\/www.pcnen.com\/portal\/wp-json\/wp\/v2\/comments?post=405680"}],"version-history":[{"count":2,"href":"https:\/\/www.pcnen.com\/portal\/wp-json\/wp\/v2\/posts\/405680\/revisions"}],"predecessor-version":[{"id":405710,"href":"https:\/\/www.pcnen.com\/portal\/wp-json\/wp\/v2\/posts\/405680\/revisions\/405710"}],"wp:featuredmedia":[{"embeddable":true,"href":"https:\/\/www.pcnen.com\/portal\/wp-json\/wp\/v2\/media\/404335"}],"wp:attachment":[{"href":"https:\/\/www.pcnen.com\/portal\/wp-json\/wp\/v2\/media?parent=405680"}],"wp:term":[{"taxonomy":"category","embeddable":true,"href":"https:\/\/www.pcnen.com\/portal\/wp-json\/wp\/v2\/categories?post=405680"},{"taxonomy":"post_tag","embeddable":true,"href":"https:\/\/www.pcnen.com\/portal\/wp-json\/wp\/v2\/tags?post=405680"}],"curies":[{"name":"wp","href":"https:\/\/api.w.org\/{rel}","templated":true}]}}