{"id":405670,"date":"2024-06-27T08:56:21","date_gmt":"2024-06-27T06:56:21","guid":{"rendered":"https:\/\/www.pcnen.com\/portal\/?p=405670"},"modified":"2024-06-27T09:00:16","modified_gmt":"2024-06-27T07:00:16","slug":"pocinje-samit-eu-na-dnevnom-redu-podjela-kljucnih-pozicija","status":"publish","type":"post","link":"https:\/\/www.pcnen.com\/portal\/2024\/06\/27\/pocinje-samit-eu-na-dnevnom-redu-podjela-kljucnih-pozicija\/","title":{"rendered":"Po\u010dinje Samit EU &#8211; na dnevnom redu podjela klju\u010dnih pozicija"},"content":{"rendered":"<p>Lideri zemalja \u010dlanica EU \u0107e se okupiti danas u Briselu na dvodnevnom samitu \u010dije \u0107e glavne teme biti raspodjela vode\u0107ih pozicija u institucijama EU i strate\u0161ka agenda za narednih pet godina, kao i Ukrajina i Bliski istok, izvje\u0161tava Beta.<\/p>\n<p>Lideri zemalja \u010dlanica treba kvalifikovanom ve\u0107inom da imenuju kandidate za predsjednika Evropske komisije i visokog predstavnika za spoljnu i bezbjednosnu politiku.<\/p>\n<p>Dogovor oko \u010delnih funkcija postigli su pregovara\u010di iz tri politi\u010dke grupacije, Evropske narodne stranke (EPP), Progresivnog saveza socijalista i demokrata (S&amp;D) i liberala (Renew).<\/p>\n<p>Oni su se saglasili da Ursula fon der Lajen dobije drugi mandat na \u010delu Evropske komisije.<\/p>\n<p>Predsjednik Evropskog savjeta, kako je dogovoreno, treba da\u00a0 bude biv\u0161i portugalski premijer, socijalista Antonio Ko\u0161ta,\u00a0 estonska premijerka Kaja Kalas treba da postane visoka predstavnica za spoljnu politiku i bezbjednost, dok bi predsjednica Evropskog parlamenta naredne dvije godine trebalo da ostane Malte\u017eanka Roberta Mecola.<\/p>\n<p>Ma\u0111arski premijer Viktor Orban prekju\u010de je o\u0161tro kritikovao &#8220;dogovor EPP sa ljevi\u010darima i liberalima&#8221;, ocijeniv\u0161i da je &#8220;protivan svemu na \u010demu se zasniva EU. &#8220;Umjesto uklju\u010divanja, on sije sjeme podjela. Najvi\u0161i zvani\u010dnici u EU treba da predstavljaju sve dr\u017eave \u010dlanice, a ne samo ljevi\u010dare i liberale&#8221;, objavio je Orban \u010dija \u0107e zemlja od 1. jula preuzeti predsjedavanje EU.<\/p>\n<p>Premijerka Italije \u0110or\u0111a Meloni ju\u010de je ocijenila da dogovor \u0161estorice evropskih lidera o podjeli klju\u010dnih pozicija ne po\u0161tuje volju gra\u0111ana izra\u017eenu na evropskim izborima.<\/p>\n","protected":false},"excerpt":{"rendered":"<p>Lideri zemalja \u010dlanica EU \u0107e se okupiti danas u Briselu na dvodnevnom samitu \u010dije \u0107e glavne teme biti raspodjela vode\u0107ih pozicija u institucijama EU i strate\u0161ka agenda za narednih pet godina, kao i Ukrajina i Bliski istok<\/p>\n","protected":false},"author":1,"featured_media":405674,"comment_status":"open","ping_status":"closed","sticky":false,"template":"","format":"standard","meta":{"_seopress_robots_primary_cat":"none","_seopress_titles_title":"","_seopress_titles_desc":"","_seopress_robots_index":"","_et_pb_use_builder":"","_et_pb_old_content":"","_et_gb_content_width":"","inline_featured_image":false,"footnotes":""},"categories":[14],"tags":[],"class_list":["post-405670","post","type-post","status-publish","format-standard","has-post-thumbnail","hentry","category-vijesti"],"_links":{"self":[{"href":"https:\/\/www.pcnen.com\/portal\/wp-json\/wp\/v2\/posts\/405670","targetHints":{"allow":["GET"]}}],"collection":[{"href":"https:\/\/www.pcnen.com\/portal\/wp-json\/wp\/v2\/posts"}],"about":[{"href":"https:\/\/www.pcnen.com\/portal\/wp-json\/wp\/v2\/types\/post"}],"author":[{"embeddable":true,"href":"https:\/\/www.pcnen.com\/portal\/wp-json\/wp\/v2\/users\/1"}],"replies":[{"embeddable":true,"href":"https:\/\/www.pcnen.com\/portal\/wp-json\/wp\/v2\/comments?post=405670"}],"version-history":[{"count":1,"href":"https:\/\/www.pcnen.com\/portal\/wp-json\/wp\/v2\/posts\/405670\/revisions"}],"predecessor-version":[{"id":405673,"href":"https:\/\/www.pcnen.com\/portal\/wp-json\/wp\/v2\/posts\/405670\/revisions\/405673"}],"wp:featuredmedia":[{"embeddable":true,"href":"https:\/\/www.pcnen.com\/portal\/wp-json\/wp\/v2\/media\/405674"}],"wp:attachment":[{"href":"https:\/\/www.pcnen.com\/portal\/wp-json\/wp\/v2\/media?parent=405670"}],"wp:term":[{"taxonomy":"category","embeddable":true,"href":"https:\/\/www.pcnen.com\/portal\/wp-json\/wp\/v2\/categories?post=405670"},{"taxonomy":"post_tag","embeddable":true,"href":"https:\/\/www.pcnen.com\/portal\/wp-json\/wp\/v2\/tags?post=405670"}],"curies":[{"name":"wp","href":"https:\/\/api.w.org\/{rel}","templated":true}]}}