{"id":405644,"date":"2024-06-26T20:04:40","date_gmt":"2024-06-26T18:04:40","guid":{"rendered":"https:\/\/www.pcnen.com\/portal\/?p=405644"},"modified":"2024-06-26T20:04:40","modified_gmt":"2024-06-26T18:04:40","slug":"hra-i-czp-uputile-protestno-pismo-ministru-pravde-milovicu","status":"publish","type":"post","link":"https:\/\/www.pcnen.com\/portal\/2024\/06\/26\/hra-i-czp-uputile-protestno-pismo-ministru-pravde-milovicu\/","title":{"rendered":"HRA i C\u017dP uputile protestno pismo ministru pravde Milovi\u0107u"},"content":{"rendered":"<p>Zbog odluke Ministarstva pravde da u Operativni tim za pra\u0107enje sprovo\u0111enja Akcionog plana za implementaciju preporuka Komiteta UN za borbu protiv torture (CAT) ne uklju\u010de<br \/>\nnijednog predstavnika\/cu nevladinih organizacija, Akcija za ljudska prava i Centar za \u017eenska prava su uputili danas <a href=\"https:\/\/www.hraction.org\/wp-content\/uploads\/2024\/06\/Protestno-pismo_HRA-i-CZP.pdf\" target=\"_blank\" rel=\"noopener\">protestno pismo<\/a> ministru pravde Andreju Milovi\u0107u.<\/p>\n<p>Operativni tim, uspostavljen 10. maja 2024. godine, broji 15 predstavnika\/ca isklju\u010divo dr\u017eavnih institucija.<\/p>\n<p>Akcija za ljudska prava i Centar za \u017eenska prava godinama urgiraju za primjenu tih preporuka, a to dodatni razlog za ovo protestno pismo.<\/p>\n","protected":false},"excerpt":{"rendered":"<p>Razlog je odluka Ministarstva pravde da u Operativni tim za pra\u0107enje sprovo\u0111enja Akcionog plana za implementaciju preporuka Komiteta UN za borbu protiv torture (CAT) ne uklju\u010de<br \/>\nnijednog predstavnika\/cu nevladinih organizacija<\/p>\n","protected":false},"author":1,"featured_media":297336,"comment_status":"open","ping_status":"closed","sticky":false,"template":"","format":"standard","meta":{"_seopress_robots_primary_cat":"none","_seopress_titles_title":"","_seopress_titles_desc":"","_seopress_robots_index":"","_et_pb_use_builder":"","_et_pb_old_content":"","_et_gb_content_width":"","inline_featured_image":false,"footnotes":""},"categories":[14],"tags":[],"class_list":["post-405644","post","type-post","status-publish","format-standard","has-post-thumbnail","hentry","category-vijesti"],"_links":{"self":[{"href":"https:\/\/www.pcnen.com\/portal\/wp-json\/wp\/v2\/posts\/405644","targetHints":{"allow":["GET"]}}],"collection":[{"href":"https:\/\/www.pcnen.com\/portal\/wp-json\/wp\/v2\/posts"}],"about":[{"href":"https:\/\/www.pcnen.com\/portal\/wp-json\/wp\/v2\/types\/post"}],"author":[{"embeddable":true,"href":"https:\/\/www.pcnen.com\/portal\/wp-json\/wp\/v2\/users\/1"}],"replies":[{"embeddable":true,"href":"https:\/\/www.pcnen.com\/portal\/wp-json\/wp\/v2\/comments?post=405644"}],"version-history":[{"count":1,"href":"https:\/\/www.pcnen.com\/portal\/wp-json\/wp\/v2\/posts\/405644\/revisions"}],"predecessor-version":[{"id":405647,"href":"https:\/\/www.pcnen.com\/portal\/wp-json\/wp\/v2\/posts\/405644\/revisions\/405647"}],"wp:featuredmedia":[{"embeddable":true,"href":"https:\/\/www.pcnen.com\/portal\/wp-json\/wp\/v2\/media\/297336"}],"wp:attachment":[{"href":"https:\/\/www.pcnen.com\/portal\/wp-json\/wp\/v2\/media?parent=405644"}],"wp:term":[{"taxonomy":"category","embeddable":true,"href":"https:\/\/www.pcnen.com\/portal\/wp-json\/wp\/v2\/categories?post=405644"},{"taxonomy":"post_tag","embeddable":true,"href":"https:\/\/www.pcnen.com\/portal\/wp-json\/wp\/v2\/tags?post=405644"}],"curies":[{"name":"wp","href":"https:\/\/api.w.org\/{rel}","templated":true}]}}