{"id":405629,"date":"2024-06-26T17:38:44","date_gmt":"2024-06-26T15:38:44","guid":{"rendered":"https:\/\/www.pcnen.com\/portal\/?p=405629"},"modified":"2024-06-26T17:38:44","modified_gmt":"2024-06-26T15:38:44","slug":"cg-zvanicno-dobila-pozitivan-ibar","status":"publish","type":"post","link":"https:\/\/www.pcnen.com\/portal\/2024\/06\/26\/cg-zvanicno-dobila-pozitivan-ibar\/","title":{"rendered":"CG zvani\u010dno dobila pozitivan IBAR"},"content":{"rendered":"<p>Na me\u0111uvladinoj konferenciji u Briselu Crna Gora je i zvani\u010dno dobila IBAR.<\/p>\n<p>Konferencija je po\u010dela obra\u0107anjem ministarke vanjskih poslova Belgije Ha\u0111a Labib koja je poru\u010dila \u00a0da je va\u017eno da se koncentri\u0161u na integracioni put Crne Gore ka EU.<\/p>\n<p>Evropski komesar za pro\u0161irenje Oliver Varhelji je poru\u010dio da EU upravo ulazi u zavr\u0161nu fazu pregovora sa Crnom Gorom, kazav\u0161i da je i ovaj korak dokaz da je EU spremna za pro\u0161irenje.<\/p>\n<p>&#8220;Sada treba iskoristiti momentum i u\u010diniti da i ostala poglavlja budu zatvorena&#8221;, ka\u017ee Varhelji.<\/p>\n<p>&#8220;Crna Goro \u010dekala si punih 11 godina da do\u0111emo u ovu poziciju i da ostavrimo ovaj rezultat i da do\u010dekamo ovaj dan. Od 20. juna 2017. godine, \u0161tavi\u0161e pro\u0161lo je punih sedam godina da nismo vidjeli np centimetar progresa u na\u0161im evropskim integracijama. I na\u0161 evropski put bio je defakto zaustavljen \u2013 sve do danas.<\/p>\n<p>Povratili smo povjerenje koje smo izgubili u prethodnom periodu, prije mnogo godina. Ovo je praznik i za Evropu i Evropljane, jer smatram da je ovo pro\u0161irenje neophodno. Nije samo Crna Gora ta koja se danas raduje, ve\u0107 ovaj potez i drugima daje nadu u bolje sjutra. Hvala \u0161to ste nam pomogli da fini\u0161iramo ovaj proces na na\u010din na koji smo to zajedno u\u010dinili&#8221;, poru\u010dio je Milojko Spaji\u0107 na konferenciji.<\/p>\n","protected":false},"excerpt":{"rendered":"<p>Na me\u0111uvladinoj konferenciji u Briselu Crna Gora je i zvani\u010dno dobila IBAR.<\/p>\n","protected":false},"author":1,"featured_media":405632,"comment_status":"open","ping_status":"closed","sticky":false,"template":"","format":"standard","meta":{"_seopress_robots_primary_cat":"none","_seopress_titles_title":"","_seopress_titles_desc":"","_seopress_robots_index":"","_et_pb_use_builder":"","_et_pb_old_content":"","_et_gb_content_width":"","inline_featured_image":false,"footnotes":""},"categories":[14],"tags":[],"class_list":["post-405629","post","type-post","status-publish","format-standard","has-post-thumbnail","hentry","category-vijesti"],"_links":{"self":[{"href":"https:\/\/www.pcnen.com\/portal\/wp-json\/wp\/v2\/posts\/405629","targetHints":{"allow":["GET"]}}],"collection":[{"href":"https:\/\/www.pcnen.com\/portal\/wp-json\/wp\/v2\/posts"}],"about":[{"href":"https:\/\/www.pcnen.com\/portal\/wp-json\/wp\/v2\/types\/post"}],"author":[{"embeddable":true,"href":"https:\/\/www.pcnen.com\/portal\/wp-json\/wp\/v2\/users\/1"}],"replies":[{"embeddable":true,"href":"https:\/\/www.pcnen.com\/portal\/wp-json\/wp\/v2\/comments?post=405629"}],"version-history":[{"count":1,"href":"https:\/\/www.pcnen.com\/portal\/wp-json\/wp\/v2\/posts\/405629\/revisions"}],"predecessor-version":[{"id":405633,"href":"https:\/\/www.pcnen.com\/portal\/wp-json\/wp\/v2\/posts\/405629\/revisions\/405633"}],"wp:featuredmedia":[{"embeddable":true,"href":"https:\/\/www.pcnen.com\/portal\/wp-json\/wp\/v2\/media\/405632"}],"wp:attachment":[{"href":"https:\/\/www.pcnen.com\/portal\/wp-json\/wp\/v2\/media?parent=405629"}],"wp:term":[{"taxonomy":"category","embeddable":true,"href":"https:\/\/www.pcnen.com\/portal\/wp-json\/wp\/v2\/categories?post=405629"},{"taxonomy":"post_tag","embeddable":true,"href":"https:\/\/www.pcnen.com\/portal\/wp-json\/wp\/v2\/tags?post=405629"}],"curies":[{"name":"wp","href":"https:\/\/api.w.org\/{rel}","templated":true}]}}