{"id":405613,"date":"2024-06-26T11:30:34","date_gmt":"2024-06-26T09:30:34","guid":{"rendered":"https:\/\/www.pcnen.com\/portal\/?p=405613"},"modified":"2024-06-26T12:20:51","modified_gmt":"2024-06-26T10:20:51","slug":"mark-rute-izabran-za-novog-generalnog-sekretara-alijanse","status":"publish","type":"post","link":"https:\/\/www.pcnen.com\/portal\/2024\/06\/26\/mark-rute-izabran-za-novog-generalnog-sekretara-alijanse\/","title":{"rendered":"Mark Rute izabran za novog generalnog sekretara Alijanse"},"content":{"rendered":"<p>\u010clanice NATO saveza izabrale su holandskog premijera Marka Rutea za sljede\u0107eg generalnog sekretara Alijanse, javio je Rojters.<\/p>\n<p>Ruteovo imenovanje postalo je formalnost nakon \u0161to je njegov jedini rival za tu funkciju, rumunski predsjednik Klaus \u0408ohanis, pro\u0161le sedmice saop\u0161tio da odustaje od kandidature, po\u0161to nije uspio da dobije podr\u0161ku.<\/p>\n<p>Rute je izabran za nasljednika \u0408ensa Stoltenberga u vrijeme dok traje rat u Ukrajini i vlada neizvjesnost u vezi sa stavom SAD prema transatlantskom savezu u budu\u0107nosti.<\/p>\n<p>Stoltenberg je pohvalio Rutea kao &#8220;pravog transatlantistu, sna\u017enog lidera i graditelja konsenzusa&#8221;.<\/p>\n<p>Rute \u0107e funkciju generalnog sekretara preuzeti 1. oktobra.<\/p>\n","protected":false},"excerpt":{"rendered":"<p>\u010clanice NATO saveza izabrale su holandskog premijera Marka Rutea za sljede\u0107eg generalnog sekretara Alijanse, javio je Rojters.<\/p>\n","protected":false},"author":1,"featured_media":405616,"comment_status":"open","ping_status":"closed","sticky":false,"template":"","format":"standard","meta":{"_seopress_robots_primary_cat":"none","_seopress_titles_title":"","_seopress_titles_desc":"","_seopress_robots_index":"","_et_pb_use_builder":"","_et_pb_old_content":"","_et_gb_content_width":"","inline_featured_image":false,"footnotes":""},"categories":[14],"tags":[],"class_list":["post-405613","post","type-post","status-publish","format-standard","has-post-thumbnail","hentry","category-vijesti"],"_links":{"self":[{"href":"https:\/\/www.pcnen.com\/portal\/wp-json\/wp\/v2\/posts\/405613","targetHints":{"allow":["GET"]}}],"collection":[{"href":"https:\/\/www.pcnen.com\/portal\/wp-json\/wp\/v2\/posts"}],"about":[{"href":"https:\/\/www.pcnen.com\/portal\/wp-json\/wp\/v2\/types\/post"}],"author":[{"embeddable":true,"href":"https:\/\/www.pcnen.com\/portal\/wp-json\/wp\/v2\/users\/1"}],"replies":[{"embeddable":true,"href":"https:\/\/www.pcnen.com\/portal\/wp-json\/wp\/v2\/comments?post=405613"}],"version-history":[{"count":3,"href":"https:\/\/www.pcnen.com\/portal\/wp-json\/wp\/v2\/posts\/405613\/revisions"}],"predecessor-version":[{"id":405619,"href":"https:\/\/www.pcnen.com\/portal\/wp-json\/wp\/v2\/posts\/405613\/revisions\/405619"}],"wp:featuredmedia":[{"embeddable":true,"href":"https:\/\/www.pcnen.com\/portal\/wp-json\/wp\/v2\/media\/405616"}],"wp:attachment":[{"href":"https:\/\/www.pcnen.com\/portal\/wp-json\/wp\/v2\/media?parent=405613"}],"wp:term":[{"taxonomy":"category","embeddable":true,"href":"https:\/\/www.pcnen.com\/portal\/wp-json\/wp\/v2\/categories?post=405613"},{"taxonomy":"post_tag","embeddable":true,"href":"https:\/\/www.pcnen.com\/portal\/wp-json\/wp\/v2\/tags?post=405613"}],"curies":[{"name":"wp","href":"https:\/\/api.w.org\/{rel}","templated":true}]}}