{"id":405609,"date":"2024-06-26T11:26:58","date_gmt":"2024-06-26T09:26:58","guid":{"rendered":"https:\/\/www.pcnen.com\/portal\/?p=405609"},"modified":"2024-06-26T11:26:58","modified_gmt":"2024-06-26T09:26:58","slug":"hina-u-cg-ce-glasati-o-rezoluciji-o-jasenovcu-ocekuje-se-zestoka-reakcija-hrvatske","status":"publish","type":"post","link":"https:\/\/www.pcnen.com\/portal\/2024\/06\/26\/hina-u-cg-ce-glasati-o-rezoluciji-o-jasenovcu-ocekuje-se-zestoka-reakcija-hrvatske\/","title":{"rendered":"Hina: U CG \u0107e glasati o Rezoluciji o Jasenovcu, o\u010dekuje se \u017eestoka reakcija Hrvatske"},"content":{"rendered":"<p>Sve je izvjesnije da \u0107e crnogorski parlament u petak raspravljati o Rezoluciji o Jasenovcu \u010dijim bi usvajanjem populisti\u010dki Pokret Evropa sad premijera Milojka Spaji\u0107a trebao smiriti i zadovoljiti proruski i prosrpski dio vladaju\u0107e strukture u Crnoj Gori, nakon \u0161to je njegova vlada u UN-u podr\u017eala Rezoluciju o Srebrenici, javlja Hina, <a href=\"https:\/\/www.index.hr\/vijesti\/clanak\/u-crnoj-gori-ce-glasati-o-rezoluciji-o-jasenovcu-ocekuju-zestoku-reakciju-hrvatske\/2577061.aspx\">prenosi Index.hr.<\/a><\/p>\n<p>U diplomatskim krugovima u Podgorici spekuli\u0161e se da bi hrvatski odgovor na eventualno crnogorsko usvajanje Rezolucije o Jasenovcu mogao biti \u201c\u017eestok\u201d te se tvrdi da njeno usvajanje Hrvatskoj ne bi politi\u010dki i diplomatski \u0161tetilo, ali bi Crnoj Gori moglo.<\/p>\n<p>Hrvatska do sada nije usporavala put Crne Gore u EU, ve\u0107 je suprotno tome pomagala susjednoj dr\u017eavi da napreduje k punopravnom \u010dlanstvu.<\/p>\n<p>Nakon \u0161to je Rezolucija o Jasenovcu u\u0161la u parlamentarnu proceduru, Zagreb je o\u0161tro zaprijetio da \u0107e njeno usvajanje usporiti crnogorsku ambiciju da postane punopravna \u010dlanica EU.<\/p>\n<p>Ministar vanjskih i evropskih poslova Hrvatske Gordan Grli\u0107 Radman tokom nedavne posjete Tivtu rekao je da je Zagrebu neprihvatljiva i besmislena rezolucija o Jasenovcu te je istakao da bi se &#8220;Crna Gora trebala suo\u010diti s vlastitom istorijom, ako je sklona rezolucijama.&#8221;<\/p>\n<p>U predlogu rezolucije izme\u0111u ostalog se navodi da su u logoru u Jasenovcu od 1941. do 1945. mu\u010deni i ubijani Srbi, Jevreji, Romi, Hrvati i drugi narodi. Predla\u017ee se da 22. april, kada je logor 1945. bio rasformiran, postane \u201cDan sje\u0107anja na genocid u Jasenovcu\u201d koji bi se obilje\u017eavao u Crnoj Gori svake godine.<\/p>\n<p>Predlaga\u010di ka\u017eu da su jedinstveni u osudi svih zlo\u010dina na tlu Crne Gore i biv\u0161e Jugoslavije, isti\u010du\u0107i da odgovornost mo\u017ee biti isklju\u010divo individualna i da se nijedan narod ne mo\u017ee smatrati genocidnim ili zlo\u010dina\u010dkim.<\/p>\n<p>U prijedlogu Rezolucije o Jasenovcu tako\u0111e je navedeno da \u201cskup\u0161tina Crne Gore osu\u0111uje svako poricanje genocida u Jasenovcu i poziva na o\u010duvanje sje\u0107anja na te tragi\u010dne doga\u0111aje kroz obrazovne programe i aktivnosti koje \u0107e sprije\u010diti bilo kakav oblik revizionizma.\u201d<\/p>\n<p>Za usvajanje Rezolucije potrebna je podr\u0161ka od 41 poslanika od ukupno 81 koliko ih ima u crnogorskom parlamentu. Predlog rezolucije potpisala su 43 poslanika.<\/p>\n<p>Osim stranaka rasformiranog proruskog i prosrpskog Demokratskog fronta, potpise su stavili i Demokrate biv\u0161eg predsjednika parlamenta Alekse Be\u010di\u0107a, prosrpska Socijalisti\u010dka narodna partija i Pokret Evropa sad premijera Milojka Spaji\u0107a.<\/p>\n<p>Predlog Rezolucije o Jasenovcu nisu podr\u017eali zastupnici albanskih nacionalnih stranaka koje su vladaju\u0107oj ve\u0107ini u Crnoj Gori.<\/p>\n<blockquote class=\"wp-embedded-content\" data-secret=\"3paIDnbucC\"><p><a href=\"https:\/\/www.pcnen.com\/portal\/2024\/06\/19\/zogovic-postoje-razlozi-da-se-grlic-radman-proglasi-personom-non-grata\/\">Zogovi\u0107: Postoje razlozi da se Grli\u0107 Radman proglasi personom non grata<\/a><\/p><\/blockquote>\n<p><iframe loading=\"lazy\" class=\"wp-embedded-content\" sandbox=\"allow-scripts\" security=\"restricted\" style=\"position: absolute; clip: rect(1px, 1px, 1px, 1px);\" title=\"&#8220;Zogovi\u0107: Postoje razlozi da se Grli\u0107 Radman proglasi personom non grata&#8221; &#8212; PCNEN\" src=\"https:\/\/www.pcnen.com\/portal\/2024\/06\/19\/zogovic-postoje-razlozi-da-se-grlic-radman-proglasi-personom-non-grata\/embed\/#?secret=bVJbtJGfak#?secret=3paIDnbucC\" data-secret=\"3paIDnbucC\" width=\"600\" height=\"338\" frameborder=\"0\" marginwidth=\"0\" marginheight=\"0\" scrolling=\"no\"><\/iframe><\/p>\n","protected":false},"excerpt":{"rendered":"<p>Sve je izvjesnije da \u0107e crnogorski parlament u petak raspravljati o Rezoluciji o Jasenovcu \u010dijim bi usvajanjem populisti\u010dki Pokret Evropa sad premijera Milojka Spaji\u0107a trebao smiriti i zadovoljiti proruski i prosrpski dio vladaju\u0107e strukture u Crnoj Gori, nakon \u0161to je njegova vlada u UN-u podr\u017eala Rezoluciju o Srebrenici, javlja Hina, prenosi Index.hr.<\/p>\n","protected":false},"author":1,"featured_media":283323,"comment_status":"open","ping_status":"closed","sticky":false,"template":"","format":"standard","meta":{"_seopress_robots_primary_cat":"none","_seopress_titles_title":"","_seopress_titles_desc":"","_seopress_robots_index":"","_et_pb_use_builder":"","_et_pb_old_content":"","_et_gb_content_width":"","inline_featured_image":false,"footnotes":""},"categories":[14],"tags":[],"class_list":["post-405609","post","type-post","status-publish","format-standard","has-post-thumbnail","hentry","category-vijesti"],"_links":{"self":[{"href":"https:\/\/www.pcnen.com\/portal\/wp-json\/wp\/v2\/posts\/405609","targetHints":{"allow":["GET"]}}],"collection":[{"href":"https:\/\/www.pcnen.com\/portal\/wp-json\/wp\/v2\/posts"}],"about":[{"href":"https:\/\/www.pcnen.com\/portal\/wp-json\/wp\/v2\/types\/post"}],"author":[{"embeddable":true,"href":"https:\/\/www.pcnen.com\/portal\/wp-json\/wp\/v2\/users\/1"}],"replies":[{"embeddable":true,"href":"https:\/\/www.pcnen.com\/portal\/wp-json\/wp\/v2\/comments?post=405609"}],"version-history":[{"count":1,"href":"https:\/\/www.pcnen.com\/portal\/wp-json\/wp\/v2\/posts\/405609\/revisions"}],"predecessor-version":[{"id":405612,"href":"https:\/\/www.pcnen.com\/portal\/wp-json\/wp\/v2\/posts\/405609\/revisions\/405612"}],"wp:featuredmedia":[{"embeddable":true,"href":"https:\/\/www.pcnen.com\/portal\/wp-json\/wp\/v2\/media\/283323"}],"wp:attachment":[{"href":"https:\/\/www.pcnen.com\/portal\/wp-json\/wp\/v2\/media?parent=405609"}],"wp:term":[{"taxonomy":"category","embeddable":true,"href":"https:\/\/www.pcnen.com\/portal\/wp-json\/wp\/v2\/categories?post=405609"},{"taxonomy":"post_tag","embeddable":true,"href":"https:\/\/www.pcnen.com\/portal\/wp-json\/wp\/v2\/tags?post=405609"}],"curies":[{"name":"wp","href":"https:\/\/api.w.org\/{rel}","templated":true}]}}