{"id":405605,"date":"2024-06-26T10:58:08","date_gmt":"2024-06-26T08:58:08","guid":{"rendered":"https:\/\/www.pcnen.com\/portal\/?p=405605"},"modified":"2024-06-26T10:58:08","modified_gmt":"2024-06-26T08:58:08","slug":"brnabic-vucic-bio-ocajan-sto-je-reprezentacija-otputovala-na-prvenstvo-hrvatskim-avionom","status":"publish","type":"post","link":"https:\/\/www.pcnen.com\/portal\/2024\/06\/26\/brnabic-vucic-bio-ocajan-sto-je-reprezentacija-otputovala-na-prvenstvo-hrvatskim-avionom\/","title":{"rendered":"Brnabi\u0107: Vu\u010di\u0107 bio o\u010dajan \u0161to je reprezentacija otputovala na prvenstvo hrvatskim avionom"},"content":{"rendered":"<p>Predsjednica Skup\u0161tine Srbije Ana Brnabi\u0107 izjavila je danas da je fudbalska reprezentacija Srbije otputovala u Njema\u010dku na Evropsko prvenstvo hrvatskim avionom, naglasiv\u0161i da je predsjednik Srbije Aleksandar Vu\u010di\u0107 (koji je u\u0161ao u avion da isprati fudbalere) bio o\u010dajan zbog toga.<\/p>\n<p>\u201eTo je istinita pri\u010da. Sramota je, Vu\u010di\u0107 je bio izuzetno ljut. Mi imamo na\u0161u ER Srbiju i svi putujemo tom kompanijom. Kad sleti avion da se vidi ER Srbija i to je na\u0161 ponos\u201c, rekla je Brnabi\u0107, gostuju\u0107i na TV Hepi.<\/p>\n<p>Ona je navela da se o tome prethodnih dana nije govorilo kako se ne bi fokus javnosti prebacivao sa podr\u0161ke fudbalskoj reprezentaciji na druge tema i da misli da je to bila ispravna odluka, prenosi Beta.<\/p>\n<p>Brnabi\u0107 je dodala da \u201eapsolutno treba utvrditi kako se to desilo i ko je odgovaran\u201c za to \u0161to su reprezentativci Srbije putovali hrvatskim avionom.<\/p>\n","protected":false},"excerpt":{"rendered":"<p>Predsjednica Skup\u0161tine Srbije Ana Brnabi\u0107 izjavila je danas da je fudbalska reprezentacija Srbije otputovala u Njema\u010dku na Evropsko prvenstvo hrvatskim avionom, naglasiv\u0161i da je predsjednik Srbije Aleksandar Vu\u010di\u0107 (koji je u\u0161ao u avion da isprati fudbalere) bio o\u010dajan zbog toga.<\/p>\n","protected":false},"author":1,"featured_media":390404,"comment_status":"open","ping_status":"closed","sticky":false,"template":"","format":"standard","meta":{"_seopress_robots_primary_cat":"none","_seopress_titles_title":"","_seopress_titles_desc":"","_seopress_robots_index":"","_et_pb_use_builder":"","_et_pb_old_content":"","_et_gb_content_width":"","inline_featured_image":false,"footnotes":""},"categories":[14],"tags":[],"class_list":["post-405605","post","type-post","status-publish","format-standard","has-post-thumbnail","hentry","category-vijesti"],"_links":{"self":[{"href":"https:\/\/www.pcnen.com\/portal\/wp-json\/wp\/v2\/posts\/405605","targetHints":{"allow":["GET"]}}],"collection":[{"href":"https:\/\/www.pcnen.com\/portal\/wp-json\/wp\/v2\/posts"}],"about":[{"href":"https:\/\/www.pcnen.com\/portal\/wp-json\/wp\/v2\/types\/post"}],"author":[{"embeddable":true,"href":"https:\/\/www.pcnen.com\/portal\/wp-json\/wp\/v2\/users\/1"}],"replies":[{"embeddable":true,"href":"https:\/\/www.pcnen.com\/portal\/wp-json\/wp\/v2\/comments?post=405605"}],"version-history":[{"count":1,"href":"https:\/\/www.pcnen.com\/portal\/wp-json\/wp\/v2\/posts\/405605\/revisions"}],"predecessor-version":[{"id":405608,"href":"https:\/\/www.pcnen.com\/portal\/wp-json\/wp\/v2\/posts\/405605\/revisions\/405608"}],"wp:featuredmedia":[{"embeddable":true,"href":"https:\/\/www.pcnen.com\/portal\/wp-json\/wp\/v2\/media\/390404"}],"wp:attachment":[{"href":"https:\/\/www.pcnen.com\/portal\/wp-json\/wp\/v2\/media?parent=405605"}],"wp:term":[{"taxonomy":"category","embeddable":true,"href":"https:\/\/www.pcnen.com\/portal\/wp-json\/wp\/v2\/categories?post=405605"},{"taxonomy":"post_tag","embeddable":true,"href":"https:\/\/www.pcnen.com\/portal\/wp-json\/wp\/v2\/tags?post=405605"}],"curies":[{"name":"wp","href":"https:\/\/api.w.org\/{rel}","templated":true}]}}