{"id":405586,"date":"2024-06-26T09:44:53","date_gmt":"2024-06-26T07:44:53","guid":{"rendered":"https:\/\/www.pcnen.com\/portal\/?p=405586"},"modified":"2024-06-26T09:44:53","modified_gmt":"2024-06-26T07:44:53","slug":"asanz-i-palestina","status":"publish","type":"post","link":"https:\/\/www.pcnen.com\/portal\/2024\/06\/26\/asanz-i-palestina\/","title":{"rendered":"Asan\u017e i Palestina"},"content":{"rendered":"<blockquote><p><strong>Pi\u0161e: Omer \u0160ARKI\u0106<\/strong><\/p><\/blockquote>\n<p>Asan\u017e je najzad slobodan, ali smo svi mi, koji ne vjerujemo mejnstrim medijima i propagandi, poslije njegovog inkvizitorskog progona, te podr\u0161ke genocidu nad Palestincima od strane \u201ecivilizovanog i demokratskog\u201c Zapada na \u010delu sa SAD, najzad shvatili \u2013 i uvjerili se, da je \u201ecivilizovani Zapad\u201c predvo\u0111en SAD najgora vrsta bezakonja i totalitarizma.<\/p>\n<p>Koliko do ju\u010de, bio sam i sam jedna od \u017ertava zapadne propagande o ljudskim pravima, me\u0111unarodnom pravu, slobodama, pravu na istinito i objektivno informisanje, slobodi govora, medijskim slobodama, nezavisnom sudstvu&#8230; Bunilo me mnogo toga, vidio sam da se propagirane vrijednosti kose sa stvarno\u0161\u0107u, ali nijesam \u017eelio da preispitujem sebe, suo\u010dim se sa stvarno\u0161\u0107u. Valjda sam bje\u017eeo od istine \u2013 tako je lak\u0161e.<\/p>\n<p>Inkvizitorski progon Asan\u017ea, koji je otkrio dio mra\u010dnih tajni i te\u0161kih ratnih zlo\u010dina \u201ecarstva demokratije\u201c po svim pravilima novinarske profesije (ta\u010dnost, dokumentovanost, povjerljivost izvora&#8230;), te blago reagovanje ili nereagovanje kolega mu novinara ili \u201enovinara\u201c, \u201e\u010duvenih\u201c aktivista za ljudska prava, ve\u0107ine poznatih \u201ekolumnista\u201c, zata\u0161kavanje njegovog inkvizitorskog progona od strane mejnstrim medija, te upornost osovine zla na \u010delu sa SAD da osudi nevinog \u010dovjeka na do\u017eivotni zatvor, natjerala su me da preispitam sebe i svoju do skoro iskrenu vjeru u \u201ezapadnu demokratiju i civilizacijske vrijednosti\u201c. Dok je trajalo to li\u010dno preispitivanje, desilo se finale decenijskog genocida nad Palestincima &#8211; koji nam se poslednjih osam mjeseci de\u0161ava pred o\u010dima, a koji je osovina zla predvo\u0111ene SAD vojno, propagandno, materijalno i politi\u010dki podr\u017eala u punom kapacitetu, vi\u0161e i otvorenije nego je to uradila fa\u0161isti\u010dka Italija za vrijeme Drugog svjetskog rata dok je nacisti\u010dka Njema\u010dka sprovodila genocid nad Jevrejima.<\/p>\n<p>I dok nam se genocid prenosio u\u017eivo preko alternativnih medija, shvatio sam \u2013 i vidio, da svi mejnstrim mediji pre\u0107utkuju \u010dinjenice o masakrima nad Palestincima, zanemaruju ili kriju informacije vetima koje bi u SB UN na prestanak genocida i sklapanje mira redovno stavljalo \u201ecarstvo demokratije\u201c, to jest\u00a0 najve\u0107e zlo savremenog \u010dovje\u010danstva \u2013 SAD. Zlo koje se toliko uzoholilo da bez zazora, svako malo, javno prijeti Ujedinjenim nacijama i Me\u0111unarodnom sudu pravde.\u00a0 Shvatio sam i da su kolumnisti \u2013 oni kojima sam se divio, uglavnom obi\u010dni pla\u0107enici koji ne smiju zucnuti o pokolju Plaestinaca, \u017eena i djece najvi\u0161e, jer \u201eako ne slu\u0161a\u0161, kurvin sine, ne\u0107e\u0161 ni jesti\u201c. \u010celnici NVO sektora tek, kao i velika ve\u0107ina ostalih \u201ejavnih i uglednih li\u010dnost\u201c. Bio sam prosto zgranut, zga\u0111en, kada sam najzad shvatio da je propagirana zapadna demokratija u stvari najgori totalitarizam, a da su ve\u0107ina \u201eslobodnih ljudi\u201c i prvaka NVO &#8211; od kojih su mi neki bili idoli, u stvari najneslobodniji ljudi, obi\u010dni pla\u0107enici, sli\u010dno kao vojnici u Legiji stranaca, samo na drugi, intelektualan na\u010din. Prvi ratuju i sprovode interese onih koji ih pla\u0107aju pu\u0161kom, drugi perom.<\/p>\n<p>Progon Asan\u017ea pod la\u017enim i monstruoznim optu\u017ebama, najprije za silovanje a onda za \u0161pijuna\u017eu, te krajnje nehuman odnos i\u00a0 psihofizi\u010dko mu\u010denje u najgorim i naj\u010duvanijim zatvorima, definitivno su ubili svaki mit o zapadnoj demokratiji, slobodi, slobodi \u0161tampe, pravu, nezavisnom sudstvu. Stotine milijardi dolara ulo\u017eene u medije, prvake NVO sektora, kolumniste, \u201eistaknute javne li\u010dnosti\u201c \u0161irom svijeta &#8211; koji se nijesu smjeli oglasiti da stanu u odbranu Asan\u017ea, odnosno osude genocida nad Palestincima, pokazali su da je zapadna demoratija, principi, sloboda i pravo, samo usavr\u0161ena gebelsovska propaganda, zbog koje svi mi koji smo to najzad shvatli preispitujemo sve dosada\u0161nje stavove i poglede, pa i onaj o ratu izme\u0111u Ukrajine i Rusije, to jest kolektivnog Zapada na \u010delu sa SAD i Rusije, u kome je Ukrajina samo \u017ertva i kolateralna \u0161teta.<\/p>\n<p>Tortura koju je pro\u0161ao Asan\u017e zbog otkrivanja strogo \u010duvanih tajni &#8211; ameri\u010dkih ratnih zlo\u010dina prije svega &#8211; u zemljama koje je napala i okupirala, a koje su otkrivene po svim pravilima novinarske profesije i prava javnosti da zna, te iznu\u0111ene nagodbe da Asan\u017e\u00a0 prizna krivicu za \u0161pijuna\u017eu kako ostatak \u017eivota ne bi proveo u zatvoru, sli\u010dno je priznanju \u201evje\u0161tica\u201c inkviziciji poslije te\u0161kih\u00a0 mu\u010denja, kako\u00a0 bi dobile bla\u017eu kaznu ili lak\u0161u smrt.<\/p>\n<p>Propagirana zapadna demokratija\u00a0 i zapadne vrijednosti su kroz slu\u010daj Asan\u017e i kroz podr\u0161ku genocidu nad Palestincima, pokazale, da nijesu ni\u0161ta drugo nego finansirana \u0161arena la\u017ea, inkvizicije i inkvizitora savremenog doba u \u010dije \u201eistine\u201c se ne smije sumnjati, kamo li dovoditi ih u pitanje.<\/p>\n","protected":false},"excerpt":{"rendered":"<p>Propagirana zapadna demokratija\u00a0 i zapadne vrijednosti su kroz slu\u010daj Asan\u017e i kroz podr\u0161ku genocidu nad Palestincima, pokazale, da nijesu ni\u0161ta drugo nego finansirana \u0161arena la\u017ea, inkvizicije i inkvizitora savremenog doba<\/p>\n","protected":false},"author":12,"featured_media":405592,"comment_status":"open","ping_status":"closed","sticky":false,"template":"","format":"standard","meta":{"_seopress_robots_primary_cat":"none","_seopress_titles_title":"","_seopress_titles_desc":"","_seopress_robots_index":"","_et_pb_use_builder":"","_et_pb_old_content":"","_et_gb_content_width":"","inline_featured_image":false,"footnotes":""},"categories":[17],"tags":[],"class_list":["post-405586","post","type-post","status-publish","format-standard","has-post-thumbnail","hentry","category-blogovi"],"_links":{"self":[{"href":"https:\/\/www.pcnen.com\/portal\/wp-json\/wp\/v2\/posts\/405586","targetHints":{"allow":["GET"]}}],"collection":[{"href":"https:\/\/www.pcnen.com\/portal\/wp-json\/wp\/v2\/posts"}],"about":[{"href":"https:\/\/www.pcnen.com\/portal\/wp-json\/wp\/v2\/types\/post"}],"author":[{"embeddable":true,"href":"https:\/\/www.pcnen.com\/portal\/wp-json\/wp\/v2\/users\/12"}],"replies":[{"embeddable":true,"href":"https:\/\/www.pcnen.com\/portal\/wp-json\/wp\/v2\/comments?post=405586"}],"version-history":[{"count":2,"href":"https:\/\/www.pcnen.com\/portal\/wp-json\/wp\/v2\/posts\/405586\/revisions"}],"predecessor-version":[{"id":405593,"href":"https:\/\/www.pcnen.com\/portal\/wp-json\/wp\/v2\/posts\/405586\/revisions\/405593"}],"wp:featuredmedia":[{"embeddable":true,"href":"https:\/\/www.pcnen.com\/portal\/wp-json\/wp\/v2\/media\/405592"}],"wp:attachment":[{"href":"https:\/\/www.pcnen.com\/portal\/wp-json\/wp\/v2\/media?parent=405586"}],"wp:term":[{"taxonomy":"category","embeddable":true,"href":"https:\/\/www.pcnen.com\/portal\/wp-json\/wp\/v2\/categories?post=405586"},{"taxonomy":"post_tag","embeddable":true,"href":"https:\/\/www.pcnen.com\/portal\/wp-json\/wp\/v2\/tags?post=405586"}],"curies":[{"name":"wp","href":"https:\/\/api.w.org\/{rel}","templated":true}]}}