{"id":405581,"date":"2024-06-26T08:16:05","date_gmt":"2024-06-26T06:16:05","guid":{"rendered":"https:\/\/www.pcnen.com\/portal\/?p=405581"},"modified":"2024-06-26T08:16:05","modified_gmt":"2024-06-26T06:16:05","slug":"danas-medjuvladina-konferencija-eu-sa-crnom-gorom","status":"publish","type":"post","link":"https:\/\/www.pcnen.com\/portal\/2024\/06\/26\/danas-medjuvladina-konferencija-eu-sa-crnom-gorom\/","title":{"rendered":"Danas Me\u0111uvladina konferencija EU sa Crnom Gorom"},"content":{"rendered":"<p>Me\u0111uvladina konferencija Crne Gore i Evropske unije (EU), na kojoj bi trebalo da bude usvojen Izvje\u0161taj o procjeni ispunjenosti privremenih mjerila u poglavljima vladavine prava (IBAR), bi\u0107e odr\u017eana danas u Briselu.<\/p>\n<p>Ambasadori dr\u017eava \u010dlanica Evropske unije (EU) odobrili su Zajedni\u010dku poziciju EU za poglavlja 23 i 24 u pregovorima sa Crnom Gorom.<\/p>\n<p>Vijesti pi\u0161u da je crnogorskoj delegaciji ne\u0107e biti nikoga iz Ministarstava unutra\u0161njih poslova i pravde, koja su pripremila najve\u0107i dio zakona koji su bili uslov za dobijanje pozitivnog Izvje\u0161taja o ispunjenosti privremenih mjerila za oblast vladavine prava.<\/p>\n<p>Ministar pravde Andrej Milovi\u0107, optu\u017eio je premijera Milojka Spaji\u0107a i njegov kabinet za \u201cskandalozan odnos\u2026 prema ljudima koji su iznijeli kompletan proces dobijanja IBAR-a u poglavlju 23\u201d, kao i da \u017eele da \u201ctu\u0111 rad i rezultate pripi\u0161u sebi.\u201d<\/p>\n<p>On je Vijestima rekao da je u pitanju \u201cskandalozan\u201d odnos.<\/p>\n","protected":false},"excerpt":{"rendered":"<p>Me\u0111uvladina konferencija Crne Gore i Evropske unije (EU), na kojoj bi trebalo da bude usvojen Izvje\u0161taj o procjeni ispunjenosti privremenih mjerila u poglavljima vladavine prava (IBAR), bi\u0107e odr\u017eana danas u Briselu.<\/p>\n","protected":false},"author":1,"featured_media":304483,"comment_status":"open","ping_status":"closed","sticky":false,"template":"","format":"standard","meta":{"_seopress_robots_primary_cat":"none","_seopress_titles_title":"","_seopress_titles_desc":"","_seopress_robots_index":"","_et_pb_use_builder":"","_et_pb_old_content":"","_et_gb_content_width":"","inline_featured_image":false,"footnotes":""},"categories":[14],"tags":[],"class_list":["post-405581","post","type-post","status-publish","format-standard","has-post-thumbnail","hentry","category-vijesti"],"_links":{"self":[{"href":"https:\/\/www.pcnen.com\/portal\/wp-json\/wp\/v2\/posts\/405581","targetHints":{"allow":["GET"]}}],"collection":[{"href":"https:\/\/www.pcnen.com\/portal\/wp-json\/wp\/v2\/posts"}],"about":[{"href":"https:\/\/www.pcnen.com\/portal\/wp-json\/wp\/v2\/types\/post"}],"author":[{"embeddable":true,"href":"https:\/\/www.pcnen.com\/portal\/wp-json\/wp\/v2\/users\/1"}],"replies":[{"embeddable":true,"href":"https:\/\/www.pcnen.com\/portal\/wp-json\/wp\/v2\/comments?post=405581"}],"version-history":[{"count":1,"href":"https:\/\/www.pcnen.com\/portal\/wp-json\/wp\/v2\/posts\/405581\/revisions"}],"predecessor-version":[{"id":405584,"href":"https:\/\/www.pcnen.com\/portal\/wp-json\/wp\/v2\/posts\/405581\/revisions\/405584"}],"wp:featuredmedia":[{"embeddable":true,"href":"https:\/\/www.pcnen.com\/portal\/wp-json\/wp\/v2\/media\/304483"}],"wp:attachment":[{"href":"https:\/\/www.pcnen.com\/portal\/wp-json\/wp\/v2\/media?parent=405581"}],"wp:term":[{"taxonomy":"category","embeddable":true,"href":"https:\/\/www.pcnen.com\/portal\/wp-json\/wp\/v2\/categories?post=405581"},{"taxonomy":"post_tag","embeddable":true,"href":"https:\/\/www.pcnen.com\/portal\/wp-json\/wp\/v2\/tags?post=405581"}],"curies":[{"name":"wp","href":"https:\/\/api.w.org\/{rel}","templated":true}]}}