{"id":405565,"date":"2024-06-25T23:05:08","date_gmt":"2024-06-25T21:05:08","guid":{"rendered":"https:\/\/www.pcnen.com\/portal\/?p=405565"},"modified":"2024-06-25T23:05:08","modified_gmt":"2024-06-25T21:05:08","slug":"lik-slobodana-milosevica-sirom-beograda","status":"publish","type":"post","link":"https:\/\/www.pcnen.com\/portal\/2024\/06\/25\/lik-slobodana-milosevica-sirom-beograda\/","title":{"rendered":"Lik Slobodana Milo\u0161evi\u0107a \u0161irom Beograda"},"content":{"rendered":"<p>Konzervativni pokret NA\u0160I \u0161irom Beograda je izlijepio plakate sa likom biv\u0161eg predsjednika Srbije i SRJ Slobodana Milo\u0161evi\u0107a, na kojima pi\u0161e \u201eKosovo je Srbija\u201c.<\/p>\n<p>Kako su iz pokreta naveli na svom zvani\u010dnom sajtu, \u201eova akcija ima za cilj da podseti gra\u0111ane na istorijsku ulogu i zna\u010daj Milo\u0161evi\u0107a u borbi za suverenitet i integritet na\u0161e zemlje\u201c.<\/p>\n<p>\u201ePlakati su izlepljeni uo\u010di najve\u0107eg srpskog praznika Vidovdana, i dana kada je Slobodan Milo\u0161evi\u0107 isporu\u010den u Ha\u0161ki tribunal. Ovim \u010dinom \u017eelimo da podsetimo javnost na istorijski zna\u010daj Vidovdana i na borbu zao\u010duvanje Kosova i Metohije u sastavu Srbije\u201c, pi\u0161e u saop\u0161tenju i dodaje se da je akcija istovremeno i odgovor na organizovanje festivala \u201eMirdita, dobar dan!\u201c u Beogradu, <a href=\"https:\/\/vreme.com\/vesti\/milosevicev-lik-sirom-beograda-povratak-devedesetih-na-mala-vrata\/\" target=\"_blank\" rel=\"noopener\">prenosi<\/a> portal Vreme.<\/p>\n","protected":false},"excerpt":{"rendered":"<p>Konzervativni pokret NA\u0160I \u0161irom Beograda je izlijepio plakate sa likom biv\u0161eg predsjednika Srbije i SRJ Slobodana Milo\u0161evi\u0107a, na kojima pi\u0161e \u201eKosovo je Srbija\u201c.<\/p>\n","protected":false},"author":1,"featured_media":405568,"comment_status":"open","ping_status":"closed","sticky":false,"template":"","format":"standard","meta":{"_seopress_robots_primary_cat":"none","_seopress_titles_title":"","_seopress_titles_desc":"","_seopress_robots_index":"","_et_pb_use_builder":"","_et_pb_old_content":"","_et_gb_content_width":"","inline_featured_image":false,"footnotes":""},"categories":[14],"tags":[],"class_list":["post-405565","post","type-post","status-publish","format-standard","has-post-thumbnail","hentry","category-vijesti"],"_links":{"self":[{"href":"https:\/\/www.pcnen.com\/portal\/wp-json\/wp\/v2\/posts\/405565","targetHints":{"allow":["GET"]}}],"collection":[{"href":"https:\/\/www.pcnen.com\/portal\/wp-json\/wp\/v2\/posts"}],"about":[{"href":"https:\/\/www.pcnen.com\/portal\/wp-json\/wp\/v2\/types\/post"}],"author":[{"embeddable":true,"href":"https:\/\/www.pcnen.com\/portal\/wp-json\/wp\/v2\/users\/1"}],"replies":[{"embeddable":true,"href":"https:\/\/www.pcnen.com\/portal\/wp-json\/wp\/v2\/comments?post=405565"}],"version-history":[{"count":1,"href":"https:\/\/www.pcnen.com\/portal\/wp-json\/wp\/v2\/posts\/405565\/revisions"}],"predecessor-version":[{"id":405569,"href":"https:\/\/www.pcnen.com\/portal\/wp-json\/wp\/v2\/posts\/405565\/revisions\/405569"}],"wp:featuredmedia":[{"embeddable":true,"href":"https:\/\/www.pcnen.com\/portal\/wp-json\/wp\/v2\/media\/405568"}],"wp:attachment":[{"href":"https:\/\/www.pcnen.com\/portal\/wp-json\/wp\/v2\/media?parent=405565"}],"wp:term":[{"taxonomy":"category","embeddable":true,"href":"https:\/\/www.pcnen.com\/portal\/wp-json\/wp\/v2\/categories?post=405565"},{"taxonomy":"post_tag","embeddable":true,"href":"https:\/\/www.pcnen.com\/portal\/wp-json\/wp\/v2\/tags?post=405565"}],"curies":[{"name":"wp","href":"https:\/\/api.w.org\/{rel}","templated":true}]}}