{"id":405527,"date":"2024-06-25T16:04:06","date_gmt":"2024-06-25T14:04:06","guid":{"rendered":"https:\/\/www.pcnen.com\/portal\/?p=405527"},"modified":"2024-06-25T16:04:06","modified_gmt":"2024-06-25T14:04:06","slug":"sudjenje-medenici-odgodjeno-18-put","status":"publish","type":"post","link":"https:\/\/www.pcnen.com\/portal\/2024\/06\/25\/sudjenje-medenici-odgodjeno-18-put\/","title":{"rendered":"Su\u0111enje Medenici odgo\u0111eno 18. put"},"content":{"rendered":"<p>Su\u0111enje biv\u0161oj predsjednici Vrhovnog suda Vesni Medenici i suspendovanoj sudiji Privrednog suda Milici Vlahovi\u0107-Milosavljevi\u0107, koje su optu\u017eene za protivzakoniti uticaj i zloupotrebu slu\u017ebenog polo\u017eaja, danas je odgo\u0111eno za 17. septembar jer se ro\u010di\u0161tu nije odazvao svjedok, advokat \u017deljko Aprcovi\u0107.<\/p>\n<p>Njemu je uredno uru\u010den poziv za glavni pretres.<\/p>\n<p>Jedan od branilaca Medenice, advokat Zdravko Begovi\u0107, tra\u017eio je odga\u0111anje ro\u010di\u0161ta jer poziv za dana\u0161nji pretres nije dobio njegov kolega iz odbrane biv\u0161e \u0161efice pravosu\u0111a, Zdravko Tomanovi\u0107.<\/p>\n<p>&#8220;A njegovo prisustvo je neophodno kako bi odbrana bila potpuna&#8221;, rekao je Begovi\u0107, <a href=\"https:\/\/libertaspress.me\/single-news\/2760\">prenosi libertaspress.me.<\/a><\/p>\n<p>Nakon \u0161to je sutkinka Nada Rabrenovi\u0107 obrazlo\u017eila zastupnicima optu\u017enice, tu\u017eiocima Vukasu Radonji\u0107u i Jovanu Vukoti\u0107u, da ro\u010di\u0161te ne mo\u017ee biti odr\u017eano zbog nedolaska svjedoka Aprcovi\u0107a, novi termin zakazala je za 17. septembar.<\/p>\n<p>Od tu\u017eila\u0161tva je zatra\u017eila da do narednog ro\u010di\u0161ta izdvoje SMS poruke koje se odnose na postupak protiv Medenice i Vlahovi\u0107-Milosavljevi\u0107.<\/p>\n<p><a href=\"https:\/\/www.pcnen.com\/portal\/?s=Medenica++odgo%C4%91eno\" target=\"_blank\" rel=\"noopener\">VEZANE VIJESTI<\/a><\/p>\n","protected":false},"excerpt":{"rendered":"<p>Su\u0111enje biv\u0161oj predsjednici Vrhovnog suda Vesni Medenici i suspendovanoj sudiji Privrednog suda Milici Vlahovi\u0107-Milosavljevi\u0107, koje su optu\u017eene za protivzakoniti uticaj i zloupotrebu slu\u017ebenog polo\u017eaja, danas je odgo\u0111eno za 17. septembar jer se ro\u010di\u0161tu nije odazvao svjedok, advokat \u017deljko Aprcovi\u0107.<\/p>\n","protected":false},"author":1,"featured_media":343339,"comment_status":"open","ping_status":"closed","sticky":false,"template":"","format":"standard","meta":{"_seopress_robots_primary_cat":"none","_seopress_titles_title":"","_seopress_titles_desc":"","_seopress_robots_index":"","_et_pb_use_builder":"","_et_pb_old_content":"","_et_gb_content_width":"","inline_featured_image":false,"footnotes":""},"categories":[14],"tags":[],"class_list":["post-405527","post","type-post","status-publish","format-standard","has-post-thumbnail","hentry","category-vijesti"],"_links":{"self":[{"href":"https:\/\/www.pcnen.com\/portal\/wp-json\/wp\/v2\/posts\/405527","targetHints":{"allow":["GET"]}}],"collection":[{"href":"https:\/\/www.pcnen.com\/portal\/wp-json\/wp\/v2\/posts"}],"about":[{"href":"https:\/\/www.pcnen.com\/portal\/wp-json\/wp\/v2\/types\/post"}],"author":[{"embeddable":true,"href":"https:\/\/www.pcnen.com\/portal\/wp-json\/wp\/v2\/users\/1"}],"replies":[{"embeddable":true,"href":"https:\/\/www.pcnen.com\/portal\/wp-json\/wp\/v2\/comments?post=405527"}],"version-history":[{"count":1,"href":"https:\/\/www.pcnen.com\/portal\/wp-json\/wp\/v2\/posts\/405527\/revisions"}],"predecessor-version":[{"id":405530,"href":"https:\/\/www.pcnen.com\/portal\/wp-json\/wp\/v2\/posts\/405527\/revisions\/405530"}],"wp:featuredmedia":[{"embeddable":true,"href":"https:\/\/www.pcnen.com\/portal\/wp-json\/wp\/v2\/media\/343339"}],"wp:attachment":[{"href":"https:\/\/www.pcnen.com\/portal\/wp-json\/wp\/v2\/media?parent=405527"}],"wp:term":[{"taxonomy":"category","embeddable":true,"href":"https:\/\/www.pcnen.com\/portal\/wp-json\/wp\/v2\/categories?post=405527"},{"taxonomy":"post_tag","embeddable":true,"href":"https:\/\/www.pcnen.com\/portal\/wp-json\/wp\/v2\/tags?post=405527"}],"curies":[{"name":"wp","href":"https:\/\/api.w.org\/{rel}","templated":true}]}}