{"id":405517,"date":"2024-06-25T12:31:23","date_gmt":"2024-06-25T10:31:23","guid":{"rendered":"https:\/\/www.pcnen.com\/portal\/?p=405517"},"modified":"2024-06-25T12:31:48","modified_gmt":"2024-06-25T10:31:48","slug":"borel-citav-balkan-mora-da-uskladi-spoljnu-i-bezbjednosnu-politiku-sa-eu","status":"publish","type":"post","link":"https:\/\/www.pcnen.com\/portal\/2024\/06\/25\/borel-citav-balkan-mora-da-uskladi-spoljnu-i-bezbjednosnu-politiku-sa-eu\/","title":{"rendered":"Borel: \u010citav Balkan mora da uskladi spoljnu i bezbjednosnu politiku sa EU"},"content":{"rendered":"<p>Zemlje Zapadnog Balkana moraju da usklade svoju spoljnu i bezbjednosnu politiku sa Evropskom unijom (EU) jer \u0107e tako izraziti svoj strate\u0161ki izbor i posve\u0107enost \u010dlanstvu u Uniji, izjavio je visoki predstavnik EU \u017dozep Borel, prenosi Beta.<\/p>\n<p>Nakon sastanka sa ministrima spoljnih poslova zemalja \u010dlanica EU u ponedeljak kasno uve\u010de, Borel je na konferenciji za novinare rekao da su zemlje EU spremne da podr\u017eavaju partnere sa Zapadnog Balkana, ali da o\u010dekuju od njih da budu na strani EU u &#8220;odbrani me\u0111unarodnog poretka zasnovanog na pravilima&#8221;.<\/p>\n<p>&#8220;Posebno u odnosu na Ukrajinu i posebno u odnosu na mjere preduzete da se suprotstavi ruskoj invaziji Ukrajine&#8221;, rekao je Borel.<\/p>\n<p>On je rekao da odr\u017eavanje bliskih veza za re\u017eimom ruskog predsjednika Vladimira Putina nije &#8220;kompatibilno sa gra\u0111enjem zajedni\u010dke budu\u0107nosti sa EU&#8221;.<\/p>\n<p>&#8220;Izgradnja sporazuma o spoljnoj politici zna\u010di da bi nova zemlja \u010dlanica morala da dijeli osnovne principe te spoljne politike, to je jedan od uslova za \u010dlanstvo, a u ovom trenutku to nije slu\u010daj sa Srbijom,&#8221; rekao je Borel.<\/p>\n<p>U osvrtu na sastanak na visokom nivou u okviru dijaloga Beograda i Pri\u0161tine, \u010diji \u0107e on biti doma\u0107in u srijedu, na kome \u0107e u\u010destvovati predsednik Srbije Aleksandar Vu\u0107i\u010d i premijer Kosova Aljbin Kurti, Borel je rekao da time nastavlja poku\u0161aje za ostvarenje napretka u dijalogu izme\u0111u Srbije i Kosova.<\/p>\n","protected":false},"excerpt":{"rendered":"<p>Zemlje Zapadnog Balkana moraju da usklade svoju spoljnu i bezbjednosnu politiku sa Evropskom unijom (EU) jer \u0107e tako izraziti svoj strate\u0161ki izbor i posve\u0107enost \u010dlanstvu u Uniji, izjavio je visoki predstavnik EU \u017dozep Borel<\/p>\n","protected":false},"author":1,"featured_media":319239,"comment_status":"open","ping_status":"closed","sticky":false,"template":"","format":"standard","meta":{"_seopress_robots_primary_cat":"none","_seopress_titles_title":"","_seopress_titles_desc":"","_seopress_robots_index":"","_et_pb_use_builder":"","_et_pb_old_content":"","_et_gb_content_width":"","inline_featured_image":false,"footnotes":""},"categories":[14],"tags":[],"class_list":["post-405517","post","type-post","status-publish","format-standard","has-post-thumbnail","hentry","category-vijesti"],"_links":{"self":[{"href":"https:\/\/www.pcnen.com\/portal\/wp-json\/wp\/v2\/posts\/405517","targetHints":{"allow":["GET"]}}],"collection":[{"href":"https:\/\/www.pcnen.com\/portal\/wp-json\/wp\/v2\/posts"}],"about":[{"href":"https:\/\/www.pcnen.com\/portal\/wp-json\/wp\/v2\/types\/post"}],"author":[{"embeddable":true,"href":"https:\/\/www.pcnen.com\/portal\/wp-json\/wp\/v2\/users\/1"}],"replies":[{"embeddable":true,"href":"https:\/\/www.pcnen.com\/portal\/wp-json\/wp\/v2\/comments?post=405517"}],"version-history":[{"count":2,"href":"https:\/\/www.pcnen.com\/portal\/wp-json\/wp\/v2\/posts\/405517\/revisions"}],"predecessor-version":[{"id":405521,"href":"https:\/\/www.pcnen.com\/portal\/wp-json\/wp\/v2\/posts\/405517\/revisions\/405521"}],"wp:featuredmedia":[{"embeddable":true,"href":"https:\/\/www.pcnen.com\/portal\/wp-json\/wp\/v2\/media\/319239"}],"wp:attachment":[{"href":"https:\/\/www.pcnen.com\/portal\/wp-json\/wp\/v2\/media?parent=405517"}],"wp:term":[{"taxonomy":"category","embeddable":true,"href":"https:\/\/www.pcnen.com\/portal\/wp-json\/wp\/v2\/categories?post=405517"},{"taxonomy":"post_tag","embeddable":true,"href":"https:\/\/www.pcnen.com\/portal\/wp-json\/wp\/v2\/tags?post=405517"}],"curies":[{"name":"wp","href":"https:\/\/api.w.org\/{rel}","templated":true}]}}