{"id":405505,"date":"2024-06-25T10:53:06","date_gmt":"2024-06-25T08:53:06","guid":{"rendered":"https:\/\/www.pcnen.com\/portal\/?p=405505"},"modified":"2024-06-25T10:53:06","modified_gmt":"2024-06-25T08:53:06","slug":"upravni-sud-ponisteno-rjesenje-o-smjeni-valentine-pavlicic","status":"publish","type":"post","link":"https:\/\/www.pcnen.com\/portal\/2024\/06\/25\/upravni-sud-ponisteno-rjesenje-o-smjeni-valentine-pavlicic\/","title":{"rendered":"Upravni sud poni\u0161teno rje\u0161enje o smjeni Valentine Pavli\u010di\u0107"},"content":{"rendered":"<div class=\"detail-body\">\n<div class=\"detail-body-text\">\n<p>Upravni sud je usvojio tu\u017ebu biv\u0161e zastupnice Crne Gore pred Evropskim sudom za ljudska prava Valentine Pavli\u010di\u0107 i poni\u0161tio rje\u0161enje Vlade kojim je prestao njen mandat.<\/p>\n<p>&#8220;Sud nije mogao sa sigurno\u0161\u0107u utvrditi razloge i pravni osnov za prestanak mandata tu\u017eilje, posebno kod \u010dinjenice da su u \u010dl. 7 i 8 Uredbe o Zastupniku Crne Gore pred Evropskim sudom za ljudska prava, taksativno navedeni razlozi za prestanak funkcije zastupnika i za razrje\u0161enje sa funkcije (prestanak &#8211; istekom mandata, ostavkom, ispunjenjem uslova za starosnu penziju, prestankom dr\u017eavljanstva i ako je osu\u0111en na bezuslovnu kaznu zatvora; razrje\u0161enje &#8211; nestru\u010dno ili nesavjesno vr\u0161i svoju funkciju, trajno izgubi sposobnost za vr\u0161enje funkcije i nastupi neki od drugih razloga koji ga \u010dini nedostojnim za vr\u0161enje funkcije), a koje odredbe su ostale neizmijenjene nakon dono\u0161enja Uredbe o izmjeni i dopuni Uredbe o Zastupniku Crne Gore pred Evropskim sudom za ljudska prava&#8221;, navedeno je u <a href=\"https:\/\/sudovi.me\/uscg\/sadrzaj\/nYzy\" target=\"_blank\" rel=\"noopener\">objavljenoj odluci<\/a> Upravnog suda.<\/p>\n<p>Vlada se obavezuje da isplati Pavli\u010di\u0107 400 eura na ime nadoknade tro\u0161kova.<\/p>\n<\/div>\n<\/div>\n","protected":false},"excerpt":{"rendered":"<p>Upravni sud je usvojio tu\u017ebu biv\u0161e zastupnice Crne Gore pred Evropskim sudom za ljudska prava Valentine Pavli\u010di\u0107 i poni\u0161tio rje\u0161enje Vlade kojim je prestao njen mandat. Vlada se obavezuje da isplati Pavli\u010di\u0107 400 eura na ime nadoknade tro\u0161kova.<\/p>\n","protected":false},"author":1,"featured_media":365140,"comment_status":"open","ping_status":"closed","sticky":false,"template":"","format":"standard","meta":{"_seopress_robots_primary_cat":"none","_seopress_titles_title":"","_seopress_titles_desc":"","_seopress_robots_index":"","_et_pb_use_builder":"","_et_pb_old_content":"","_et_gb_content_width":"","inline_featured_image":false,"footnotes":""},"categories":[14],"tags":[],"class_list":["post-405505","post","type-post","status-publish","format-standard","has-post-thumbnail","hentry","category-vijesti"],"_links":{"self":[{"href":"https:\/\/www.pcnen.com\/portal\/wp-json\/wp\/v2\/posts\/405505","targetHints":{"allow":["GET"]}}],"collection":[{"href":"https:\/\/www.pcnen.com\/portal\/wp-json\/wp\/v2\/posts"}],"about":[{"href":"https:\/\/www.pcnen.com\/portal\/wp-json\/wp\/v2\/types\/post"}],"author":[{"embeddable":true,"href":"https:\/\/www.pcnen.com\/portal\/wp-json\/wp\/v2\/users\/1"}],"replies":[{"embeddable":true,"href":"https:\/\/www.pcnen.com\/portal\/wp-json\/wp\/v2\/comments?post=405505"}],"version-history":[{"count":1,"href":"https:\/\/www.pcnen.com\/portal\/wp-json\/wp\/v2\/posts\/405505\/revisions"}],"predecessor-version":[{"id":405508,"href":"https:\/\/www.pcnen.com\/portal\/wp-json\/wp\/v2\/posts\/405505\/revisions\/405508"}],"wp:featuredmedia":[{"embeddable":true,"href":"https:\/\/www.pcnen.com\/portal\/wp-json\/wp\/v2\/media\/365140"}],"wp:attachment":[{"href":"https:\/\/www.pcnen.com\/portal\/wp-json\/wp\/v2\/media?parent=405505"}],"wp:term":[{"taxonomy":"category","embeddable":true,"href":"https:\/\/www.pcnen.com\/portal\/wp-json\/wp\/v2\/categories?post=405505"},{"taxonomy":"post_tag","embeddable":true,"href":"https:\/\/www.pcnen.com\/portal\/wp-json\/wp\/v2\/tags?post=405505"}],"curies":[{"name":"wp","href":"https:\/\/api.w.org\/{rel}","templated":true}]}}