{"id":405467,"date":"2024-06-24T23:00:16","date_gmt":"2024-06-24T21:00:16","guid":{"rendered":"https:\/\/www.pcnen.com\/portal\/?p=405467"},"modified":"2024-06-24T23:00:16","modified_gmt":"2024-06-24T21:00:16","slug":"mandic-skupstina-u-petak-nastavlja-rad-u-subotu-premijerski-sat","status":"publish","type":"post","link":"https:\/\/www.pcnen.com\/portal\/2024\/06\/24\/mandic-skupstina-u-petak-nastavlja-rad-u-subotu-premijerski-sat\/","title":{"rendered":"Mandi\u0107: Skup\u0161tina u petak nastavlja rad, u subotu premijerski sat"},"content":{"rendered":"<p>Skup\u0161tina Crne Gore nastavi\u0107e rad u petak 28. juna, napisao je predsjednika parlamenta Andrija Mandi\u0107 na mre\u017ei X.<\/p>\n<p>\u201cUpravo sam obavijestio \u0161efove poslani\u010dkih klubova u Skup\u0161tini Crne Gore da \u0107emo na\u0161 rad nastaviti u petak, 28. juna. Na\u017ealost, prethodnih dana nismo nai\u0161li na razumijevanje kolega iz redova opozicije kada je u pitanju nedostatak neophodnog broja poslanika za rad i odlu\u010divanje, \u0161to je rezultat brojnih diplomatskih aktivnosti koje ovih dana sprovode narodni predstavnici iz redova parlamentarne ve\u0107ine\u201d, napisao je Mandi\u0107.<\/p>\n<p>\u0160esta sjednica Prvog redovnog (prolje\u0107njeg) zasijedanja koja je bila zakazana za danas nije odr\u017eana jer nije bilo kvoruma.<\/p>\n<p>Za 28. jun zakazana je i deveta sjednica\u00a0\u00a0Prvog redovnog (prolje\u0107njeg) zasijedanja u 2024. godini.<\/p>\n<p>Na sajtu Skup\u0161tine je objavljeno da je za dan kasnije odnosno za 29. jun zakazana sjednica na \u010dijem su dnevnom redu Premijerski sat i poslani\u010dka pitanja<\/p>\n<blockquote class=\"twitter-tweet\">\n<p dir=\"ltr\" lang=\"sr\">\u0423\u043f\u0440\u0430\u0432\u043e \u0441\u0430\u043c \u043e\u0431\u0430\u0432\u0438\u0458\u0435\u0441\u0442\u0438\u043e \u0448\u0435\u0444\u043e\u0432\u0435 \u043f\u043e\u0441\u043b\u0430\u043d\u0438\u0447\u043a\u0438\u0445 \u043a\u043b\u0443\u0431\u043e\u0432\u0430 \u0443 \u0421\u043a\u0443\u043f\u0448\u0442\u0438\u043d\u0438 \u0426\u0440\u043d\u0435 \u0413\u043e\u0440\u0435 \u0434\u0430 \u045b\u0435\u043c\u043e \u043d\u0430\u0448 \u0440\u0430\u0434 \u043d\u0430\u0441\u0442\u0430\u0432\u0438\u0442\u0438 \u0443 \u043f\u0435\u0442\u0430\u043a, 28. \u0458\u0443\u043d\u0430. \u041d\u0430\u0436\u0430\u043b\u043e\u0441\u0442, \u043f\u0440\u0435\u0442\u0445\u043e\u0434\u043d\u0438\u0445 \u0434\u0430\u043d\u0430 \u043d\u0438\u0441\u043c\u043e \u043d\u0430\u0438\u0448\u043b\u0438 \u043d\u0430 \u0440\u0430\u0437\u0443\u043c\u0438\u0458\u0435\u0432\u0430\u045a\u0435 \u043a\u043e\u043b\u0435\u0433\u0430 \u0438\u0437 \u0440\u0435\u0434\u043e\u0432\u0430 \u043e\u043f\u043e\u0437\u0438\u0446\u0438\u0458\u0435 \u043a\u0430\u0434\u0430 \u0458\u0435 \u0443 \u043f\u0438\u0442\u0430\u045a\u0443 \u043d\u0435\u0434\u043e\u0441\u0442\u0430\u0442\u0430\u043a \u043d\u0435\u043e\u043f\u0445\u043e\u0434\u043d\u043e\u0433 \u0431\u0440\u043e\u0458\u0430 \u043f\u043e\u0441\u043b\u0430\u043d\u0438\u043a\u0430 \u0437\u0430 \u0440\u0430\u0434 \u0438 \u043e\u0434\u043b\u0443\u0447\u0438\u0432\u0430\u045a\u0435, \u0448\u0442\u043e\u2026 <a href=\"https:\/\/t.co\/FFBxqgqcBy\">pic.twitter.com\/FFBxqgqcBy<\/a><\/p>\n<p>\u2014 \u0410\u043d\u0434\u0440\u0438\u0458\u0430 \u041c\u0430\u043d\u0434\u0438\u045b (@AndrijaMandicDF) <a href=\"https:\/\/twitter.com\/AndrijaMandicDF\/status\/1805331606686548323?ref_src=twsrc%5Etfw\">June 24, 2024<\/a><\/p><\/blockquote>\n<p><script async src=\"https:\/\/platform.twitter.com\/widgets.js\" charset=\"utf-8\"><\/script><\/p>\n","protected":false},"excerpt":{"rendered":"<p>Skup\u0161tina Crne Gore nastavi\u0107e rad u petak 28. juna, napisao je predsjednika parlamenta Andrija Mandi\u0107 na mre\u017ei X.<\/p>\n","protected":false},"author":1,"featured_media":401628,"comment_status":"open","ping_status":"closed","sticky":false,"template":"","format":"standard","meta":{"_seopress_robots_primary_cat":"none","_seopress_titles_title":"","_seopress_titles_desc":"","_seopress_robots_index":"","_et_pb_use_builder":"","_et_pb_old_content":"","_et_gb_content_width":"","inline_featured_image":false,"footnotes":""},"categories":[14],"tags":[],"class_list":["post-405467","post","type-post","status-publish","format-standard","has-post-thumbnail","hentry","category-vijesti"],"_links":{"self":[{"href":"https:\/\/www.pcnen.com\/portal\/wp-json\/wp\/v2\/posts\/405467","targetHints":{"allow":["GET"]}}],"collection":[{"href":"https:\/\/www.pcnen.com\/portal\/wp-json\/wp\/v2\/posts"}],"about":[{"href":"https:\/\/www.pcnen.com\/portal\/wp-json\/wp\/v2\/types\/post"}],"author":[{"embeddable":true,"href":"https:\/\/www.pcnen.com\/portal\/wp-json\/wp\/v2\/users\/1"}],"replies":[{"embeddable":true,"href":"https:\/\/www.pcnen.com\/portal\/wp-json\/wp\/v2\/comments?post=405467"}],"version-history":[{"count":1,"href":"https:\/\/www.pcnen.com\/portal\/wp-json\/wp\/v2\/posts\/405467\/revisions"}],"predecessor-version":[{"id":405470,"href":"https:\/\/www.pcnen.com\/portal\/wp-json\/wp\/v2\/posts\/405467\/revisions\/405470"}],"wp:featuredmedia":[{"embeddable":true,"href":"https:\/\/www.pcnen.com\/portal\/wp-json\/wp\/v2\/media\/401628"}],"wp:attachment":[{"href":"https:\/\/www.pcnen.com\/portal\/wp-json\/wp\/v2\/media?parent=405467"}],"wp:term":[{"taxonomy":"category","embeddable":true,"href":"https:\/\/www.pcnen.com\/portal\/wp-json\/wp\/v2\/categories?post=405467"},{"taxonomy":"post_tag","embeddable":true,"href":"https:\/\/www.pcnen.com\/portal\/wp-json\/wp\/v2\/tags?post=405467"}],"curies":[{"name":"wp","href":"https:\/\/api.w.org\/{rel}","templated":true}]}}