{"id":405457,"date":"2024-06-24T22:00:22","date_gmt":"2024-06-24T20:00:22","guid":{"rendered":"https:\/\/www.pcnen.com\/portal\/?p=405457"},"modified":"2024-06-24T22:04:39","modified_gmt":"2024-06-24T20:04:39","slug":"vucic-ocekujem-eskalaciju-situacije-u-evropi-i-svijetu-u-narednim-mjesecima-video","status":"publish","type":"post","link":"https:\/\/www.pcnen.com\/portal\/2024\/06\/24\/vucic-ocekujem-eskalaciju-situacije-u-evropi-i-svijetu-u-narednim-mjesecima-video\/","title":{"rendered":"Vu\u010di\u0107: O\u010dekujem eskalaciju situacije u Evropi i svijetu u narednim mjesecima (video)"},"content":{"rendered":"<p>Predsjednik Srbije Aleksandar Vu\u010di\u0107 je tokom dana\u0161njeg obra\u0107anja javnosti poru\u010dio da o\u010dekuje eskalaciju situacije u Evropi i svijetu, rekav\u0161i da \u017eivimo u vrijeme najve\u0107e geopoliti\u010dke krize poslije Drugog svjetskog rata.<\/p>\n<p>&#8220;O\u010dekujem eskalaciju situacije u narednim mjesecima i da se suo\u010dimo s veoma te\u0161kim posljedicama, govorim o Evropi i svijetu. Ali moramo biti \u010dvrsto opredijeljeni da svoj posao uradimo na najbolji mogu\u0107i na\u010din, da sa\u010duvamo mir, da osiguramo ekonomski rast&#8221;, poru\u010dio je Vu\u010di\u0107, prenosi RTS.<\/p>\n<p>Tako\u0111er, o\u010dekuje velike poreme\u0107aje na tr\u017ei\u0161tu \u2013 od energenata do hrane, ne samo u Srbiji, nego i u cijelom svijetu.<\/p>\n<p><iframe loading=\"lazy\" title=\"Vu\u010di\u0107: U narednom periodu mora da se otvori dijalog o litijumu\" width=\"1080\" height=\"608\" src=\"https:\/\/www.youtube.com\/embed\/ziTLEjAwrOI?feature=oembed\"  allow=\"accelerometer; autoplay; clipboard-write; encrypted-media; gyroscope; picture-in-picture; web-share\" referrerpolicy=\"strict-origin-when-cross-origin\" allowfullscreen><\/iframe><\/p>\n","protected":false},"excerpt":{"rendered":"<p>Predsjednik Srbije Aleksandar Vu\u010di\u0107 je tokom dana\u0161njeg obra\u0107anja javnosti poru\u010dio da o\u010dekuje eskalaciju situacije u Evropi i svijetu, rekav\u0161i da \u017eivimo u vrijeme najve\u0107e geopoliti\u010dke krize poslije Drugog svjetskog rata.<\/p>\n","protected":false},"author":1,"featured_media":370936,"comment_status":"open","ping_status":"closed","sticky":false,"template":"","format":"standard","meta":{"_seopress_robots_primary_cat":"none","_seopress_titles_title":"","_seopress_titles_desc":"","_seopress_robots_index":"","_et_pb_use_builder":"","_et_pb_old_content":"","_et_gb_content_width":"","inline_featured_image":false,"footnotes":""},"categories":[14],"tags":[],"class_list":["post-405457","post","type-post","status-publish","format-standard","has-post-thumbnail","hentry","category-vijesti"],"_links":{"self":[{"href":"https:\/\/www.pcnen.com\/portal\/wp-json\/wp\/v2\/posts\/405457","targetHints":{"allow":["GET"]}}],"collection":[{"href":"https:\/\/www.pcnen.com\/portal\/wp-json\/wp\/v2\/posts"}],"about":[{"href":"https:\/\/www.pcnen.com\/portal\/wp-json\/wp\/v2\/types\/post"}],"author":[{"embeddable":true,"href":"https:\/\/www.pcnen.com\/portal\/wp-json\/wp\/v2\/users\/1"}],"replies":[{"embeddable":true,"href":"https:\/\/www.pcnen.com\/portal\/wp-json\/wp\/v2\/comments?post=405457"}],"version-history":[{"count":3,"href":"https:\/\/www.pcnen.com\/portal\/wp-json\/wp\/v2\/posts\/405457\/revisions"}],"predecessor-version":[{"id":405462,"href":"https:\/\/www.pcnen.com\/portal\/wp-json\/wp\/v2\/posts\/405457\/revisions\/405462"}],"wp:featuredmedia":[{"embeddable":true,"href":"https:\/\/www.pcnen.com\/portal\/wp-json\/wp\/v2\/media\/370936"}],"wp:attachment":[{"href":"https:\/\/www.pcnen.com\/portal\/wp-json\/wp\/v2\/media?parent=405457"}],"wp:term":[{"taxonomy":"category","embeddable":true,"href":"https:\/\/www.pcnen.com\/portal\/wp-json\/wp\/v2\/categories?post=405457"},{"taxonomy":"post_tag","embeddable":true,"href":"https:\/\/www.pcnen.com\/portal\/wp-json\/wp\/v2\/tags?post=405457"}],"curies":[{"name":"wp","href":"https:\/\/api.w.org\/{rel}","templated":true}]}}