{"id":405428,"date":"2024-06-24T16:28:38","date_gmt":"2024-06-24T14:28:38","guid":{"rendered":"https:\/\/www.pcnen.com\/portal\/?p=405428"},"modified":"2024-06-24T16:33:01","modified_gmt":"2024-06-24T14:33:01","slug":"hra-i-cgo-ministarstvo-kulture-i-medija-da-zaustavi-preimenovanje-ulica-u-pljevljima","status":"publish","type":"post","link":"https:\/\/www.pcnen.com\/portal\/2024\/06\/24\/hra-i-cgo-ministarstvo-kulture-i-medija-da-zaustavi-preimenovanje-ulica-u-pljevljima\/","title":{"rendered":"HRA i CGO: Ministarstvo kulture i medija da zaustavi preimenovanje ulica u  Pljevljima"},"content":{"rendered":"<p>Akcija za ljudska prava (HRA) i Centar za gra\u0111ansko obrazovanje (CGO) ukazuju da funkcioneri op\u0161tine Pljevlja kontinuirano kr\u0161e Zakon o spomen-obilje\u017ejima, jer ne tra\u017ee saglasnost Ministarstva kulture i medija za preimenovanje naziva ulica, saop\u0161teno je iz tih NVO.<\/p>\n<p>CGO i HRA podsje\u0107aju da je op\u0161tina Pljevlja nedavno preimenovala nekoliko ulica, uklju\u010duju\u0107i Tivatsku ulicu, koju je nazvala po vojniku JNA Branku Krvavcu, kao i dio ulice kralja Petra I, izme\u0111u ulica Omladinske i Velimira Jaki\u0107a, koji je nazvala po vojniku Vojske Jugoslavije, Vukomanu Te\u0161ovi\u0107u, bez prethodnog dobijanja saglasnosti Ministarstva kulture i medija, \u0161to predstavlja kr\u0161enje zakona.<\/p>\n<p>Kako navode u saop\u0161tenju, Ministarstvo kulture i medija, u rje\u0161enju br. UPI 13-037\/24-160\/2 od 8.5.2024, koje su dobili na osnovu prava na pristup informacijama, navodi da predsjednik op\u0161tine Pljevlja nije podnio zahtjev za davanje saglasnosti na Predlog programa koji sadr\u017ei nazive ulica, tj. da nije pokrenuo zakonom propisanu proceduru.<\/p>\n<p>\u201cTe ulice su preimenovane nezakonito, samo na osnovu odluke donijete u lokalnom parlamentu\u201d, poru\u010duju iz HRA i CGO.<\/p>\n<p>Kako ka\u017eu, prema \u010dlanu 2 Zakona o spomen \u2013 obilje\u017ejima, osim spomenika, spomen-obilje\u017ejem se smatra i naziv javne ustanove, javnog preduze\u0107a, naselja i javnog objekta (ulica, trg, put, park, \u010desma i dr.).<\/p>\n<p>\u201cZa svako davanje, preimenovanje i podizanje spomen \u2013 obilje\u017eja potrebna je saglasnost Ministarstva kulture i medija (ta\u010dnije, Ministarstvo prema \u010dlanu 8 Zakona odobrava predlog Programa podizanja spomenobilje\u017eja, koji treba da sadr\u017ei: zna\u010dajne doga\u0111aje, istaknute li\u010dnosti, kulturno \u2013 istorijske tradicije, borce za slobodu, civilne \u017ertve rata i masovna stradanja ljudi za koje \u0107e se podi\u0107i spomen \u2013 obilje\u017eje, sa obrazlo\u017eenjem razloga za podizanje spomen \u2013 obilje\u017eja; vrstu spomen \u2013 obilje\u017eja, na\u010din podizanja i opis simboli\u010dkog zna\u010denja; spisak spomen \u2013 obilje\u017eja koja \u0107e biti izmijenjena, dora\u0111ena, izmje\u0161tena, zamijenjena ili uklonjena)\u201d, poru\u010duju iz HRA i CGO i ponavljaju kako je jasno da su navedene ulice u Pljevljima nezakonito preimenovane.<\/p>\n<p>\u201cTo je u\u010dinjeno bez prethodne saglasnosti nadle\u017enog organa, \u0161to ukazuje na zloupotrebu slu\u017ebenog polo\u017eaja. Postupanje sekretarke za kulturu, socijalna i druga pitanja op\u0161tine Pljevlja, Sanje \u0110ondovi\u0107, predsjednice Skup\u0161tine op\u0161tine Pljevlja, Jovane To\u0161i\u0107, i predsjednika op\u0161tine Pljevlja, Daria Vrane\u0161a, mo\u017ee voditi utvr\u0111ivanju krivi\u010dne odgovornosti u skladu sa \u010dlanom 411a Krivi\u010dnog zakonika Crne Gore (Povreda i nedozvoljeno podizanje spomen obilje\u017eja). Nejasno je i za\u0161to ovako grubo i kontinuirano kr\u0161enje zakona dopu\u0161taju politi\u010dke partije, bilo da su na pozicijama vlasti ili opozicije\u201d, navodi se u saop\u0161tenju dvije NVO.<\/p>\n<p>Podsje\u0107aju i da su nevladine organizacije HRA, CGO i ANIMA ranije izrazile o\u0161tar protest protiv preimenovanja Tivatske ulice u ulicu Branka Krvavca, jer se kako ka\u017eu, radi o nezakonitom postupku i primjeru negativnog istorijskog revizionizma.<\/p>\n<p>\u201cDodatno, ovo pitanje je Crnoj Gori donijelo i negativnu regionalnu pa\u017enju i kritike od susjeda, o \u010demu su izvje\u0161tavali i hrvatski mediji\u201d, ka\u017ee u HRA i CGO.<\/p>\n<p>Tako\u0111e, odbornici Skup\u0161tine Op\u0161tine Pljevlja su 11. juna 2024. godine usvojili odluku da se sada\u0161nja Drvarska ulica, na potezu od Zlatiborske do Lov\u0107enske, preimenuje u ulicu Kapetana \u0110urka Bojovi\u0107a, kapetana Vojske Jugoslavije.<\/p>\n<p>\u201cCGO i HRA pozivaju Ministarstvo kulture i medija da proaktivno ispita ovu odluku, kao i sva druga preimenovanja ulica u Pljevljima posljednjih godina i preduzme mjere nadzora te da suzbije nezakonito postupanje i sanira njegove negativne posljedice\u201d, poru\u010duju iz HRA i CGO.<\/p>\n<p>Kako navode u saop\u0161tenju, Branko Krvavac, Vukoman Te\u0161i\u0107 i \u0110urko Bojovi\u0107 ne ispunjavaju ni jedan zakonom propisani uslov za \u201cistaknutu li\u010dnost\u201d.<\/p>\n<p>\u201cPrema \u010dlanu 5 Zakona o spomen obilje\u017ejima, istaknutom li\u010dno\u0161\u0107u se, smatra lice: 1) koje je posebno zaslu\u017eno za dr\u017eavni, dru\u0161tveni, ekonomski, nau\u010dni ili kulturni razvoj Crne Gore ili odre\u0111enog podru\u010dja, odnosno mjesta u Crnoj Gori; 2) \u010dije djelo ima me\u0111unarodni istorijski, nau\u010dni, kulturni, humanisti\u010dki ili sportski zna\u010daj; 3) koje je bilo organizator ili istaknuti u\u010desnik oslobodila\u010dkog rata, ustanka ili pokreta; 4) koje se posebno istaklo u borbi protiv fa\u0161izma\u201d, stoji u saop\u0161tenju HRA i CGO.<\/p>\n<p>CGO i HRA pozivaju lokalnu samoupravu Pljevalja da zakonske propise primjenjuje dosljedno i transparentno, bez kako ka\u017ee, favorizovanja partikularnih politi\u010dkih interesa.<\/p>\n<p>\u201cPosebno zahtijevamo od Ministarstva kulture i medija da zaustavi neodgovorno preimenovanje ulica od strane lokalnih funkcionera, u op\u0161tem interesu postizanja vladavine prava kao klju\u010dnog uslova za pristupanje Crne Gore Evropskoj uniji\u201d, zaklju\u010duje se u saop\u0161tenju koje potpisuju Tea Gorjanc Prelevi\u0107, direktorica Akcije za ljudska prava i Daliborka Uljarevi\u0107, direktorica Centra za gra\u0111ansko obrazovanje (CGO).<\/p>\n","protected":false},"excerpt":{"rendered":"<p>Akcija za ljudska prava (HRA) i Centar za gra\u0111ansko obrazovanje (CGO) ukazuju da funkcioneri op\u0161tine Pljevlja kontinuirano kr\u0161e Zakon o spomen-obilje\u017ejima, jer ne tra\u017ee saglasnost Ministarstva kulture i medija za preimenovanje naziva ulica, saop\u0161teno je iz tih NVO.<\/p>\n","protected":false},"author":1,"featured_media":405436,"comment_status":"open","ping_status":"closed","sticky":false,"template":"","format":"standard","meta":{"_seopress_robots_primary_cat":"none","_seopress_titles_title":"","_seopress_titles_desc":"","_seopress_robots_index":"","_et_pb_use_builder":"","_et_pb_old_content":"","_et_gb_content_width":"","inline_featured_image":false,"footnotes":""},"categories":[14],"tags":[],"class_list":["post-405428","post","type-post","status-publish","format-standard","has-post-thumbnail","hentry","category-vijesti"],"_links":{"self":[{"href":"https:\/\/www.pcnen.com\/portal\/wp-json\/wp\/v2\/posts\/405428","targetHints":{"allow":["GET"]}}],"collection":[{"href":"https:\/\/www.pcnen.com\/portal\/wp-json\/wp\/v2\/posts"}],"about":[{"href":"https:\/\/www.pcnen.com\/portal\/wp-json\/wp\/v2\/types\/post"}],"author":[{"embeddable":true,"href":"https:\/\/www.pcnen.com\/portal\/wp-json\/wp\/v2\/users\/1"}],"replies":[{"embeddable":true,"href":"https:\/\/www.pcnen.com\/portal\/wp-json\/wp\/v2\/comments?post=405428"}],"version-history":[{"count":1,"href":"https:\/\/www.pcnen.com\/portal\/wp-json\/wp\/v2\/posts\/405428\/revisions"}],"predecessor-version":[{"id":405432,"href":"https:\/\/www.pcnen.com\/portal\/wp-json\/wp\/v2\/posts\/405428\/revisions\/405432"}],"wp:featuredmedia":[{"embeddable":true,"href":"https:\/\/www.pcnen.com\/portal\/wp-json\/wp\/v2\/media\/405436"}],"wp:attachment":[{"href":"https:\/\/www.pcnen.com\/portal\/wp-json\/wp\/v2\/media?parent=405428"}],"wp:term":[{"taxonomy":"category","embeddable":true,"href":"https:\/\/www.pcnen.com\/portal\/wp-json\/wp\/v2\/categories?post=405428"},{"taxonomy":"post_tag","embeddable":true,"href":"https:\/\/www.pcnen.com\/portal\/wp-json\/wp\/v2\/tags?post=405428"}],"curies":[{"name":"wp","href":"https:\/\/api.w.org\/{rel}","templated":true}]}}