{"id":405360,"date":"2024-06-24T12:27:45","date_gmt":"2024-06-24T10:27:45","guid":{"rendered":"https:\/\/www.pcnen.com\/portal\/?p=405360"},"modified":"2024-06-24T12:43:50","modified_gmt":"2024-06-24T10:43:50","slug":"dusko-markovic-danas-predstavlja-stranku","status":"publish","type":"post","link":"https:\/\/www.pcnen.com\/portal\/2024\/06\/24\/dusko-markovic-danas-predstavlja-stranku\/","title":{"rendered":"Du\u0161ko Markovi\u0107 predstavio Stranku evropskog puta"},"content":{"rendered":"<p>Biv\u0161i crnogorski premijer Du\u0161ko Markovi\u0107 je danas predstavio svoju Stranku evropskog puta (SEP), koja \u0107e se, kako je najavio, pojaviti na predstoje\u0107im parlamentarnim izborima.<\/p>\n<p>On je reako da SEP ne vidi Crnu Goru onako kako je vidi njegova biv\u0161a partija (DPS), kojoj je bio potpredsjednik.<\/p>\n<p>\u201cMi unutar Crne Gore moramo biti slo\u017eni, a ne da tjeramo jedni druge. Mi imamo svoj put, a DPS sa ovim rukovodstvom svoj. \u0160to se ti\u010de koalicija \u2013 ne \u017eelimo da sad ka\u017eemo sara\u0111iva\u0107emo sa ovim ili onom strankom. Moramo se prvo predstavito gra\u0111anima. Ako postanemo parlamentarna stranka, sara\u0111iva\u0107emo sa svima koji Crnoj Gori \u017eele dobro\u201d, poru\u010dio je Markovi\u0107.<\/p>\n<p><img loading=\"lazy\" decoding=\"async\" class=\"size-full wp-image-405410 aligncenter\" src=\"https:\/\/www.pcnen.com\/portal\/wp-content\/uploads\/2024\/06\/sep-logo.png\" alt=\"sep logo\" width=\"751\" height=\"200\" srcset=\"https:\/\/www.pcnen.com\/portal\/wp-content\/uploads\/2024\/06\/sep-logo.png 751w, https:\/\/www.pcnen.com\/portal\/wp-content\/uploads\/2024\/06\/sep-logo-480x128.png 480w\" sizes=\"(min-width: 0px) and (max-width: 480px) 480px, (min-width: 481px) 751px, 100vw\" \/><\/p>\n<p>Markovi\u0107 je funkciju premijera obavljao od 2016. do 2020. godine, a prije toga je bio ministar pravde i bez portfelja, te potpredsjednika Vlade za politi\u010dki sistem, unutra\u0161nju i vanjsku politiku. Ranije je bio direktor Agencije za nacionalnu bezbjednost.<\/p>\n","protected":false},"excerpt":{"rendered":"<p>On je reako da SEP ne vidi Crnu Goru onako kako je vidi njegova biv\u0161a partija (DPS), kojoj je bio potpredsjednik<\/p>\n","protected":false},"author":1,"featured_media":287057,"comment_status":"open","ping_status":"closed","sticky":false,"template":"","format":"standard","meta":{"_seopress_robots_primary_cat":"none","_seopress_titles_title":"","_seopress_titles_desc":"","_seopress_robots_index":"","_et_pb_use_builder":"","_et_pb_old_content":"","_et_gb_content_width":"","inline_featured_image":false,"footnotes":""},"categories":[14],"tags":[],"class_list":["post-405360","post","type-post","status-publish","format-standard","has-post-thumbnail","hentry","category-vijesti"],"_links":{"self":[{"href":"https:\/\/www.pcnen.com\/portal\/wp-json\/wp\/v2\/posts\/405360","targetHints":{"allow":["GET"]}}],"collection":[{"href":"https:\/\/www.pcnen.com\/portal\/wp-json\/wp\/v2\/posts"}],"about":[{"href":"https:\/\/www.pcnen.com\/portal\/wp-json\/wp\/v2\/types\/post"}],"author":[{"embeddable":true,"href":"https:\/\/www.pcnen.com\/portal\/wp-json\/wp\/v2\/users\/1"}],"replies":[{"embeddable":true,"href":"https:\/\/www.pcnen.com\/portal\/wp-json\/wp\/v2\/comments?post=405360"}],"version-history":[{"count":4,"href":"https:\/\/www.pcnen.com\/portal\/wp-json\/wp\/v2\/posts\/405360\/revisions"}],"predecessor-version":[{"id":405411,"href":"https:\/\/www.pcnen.com\/portal\/wp-json\/wp\/v2\/posts\/405360\/revisions\/405411"}],"wp:featuredmedia":[{"embeddable":true,"href":"https:\/\/www.pcnen.com\/portal\/wp-json\/wp\/v2\/media\/287057"}],"wp:attachment":[{"href":"https:\/\/www.pcnen.com\/portal\/wp-json\/wp\/v2\/media?parent=405360"}],"wp:term":[{"taxonomy":"category","embeddable":true,"href":"https:\/\/www.pcnen.com\/portal\/wp-json\/wp\/v2\/categories?post=405360"},{"taxonomy":"post_tag","embeddable":true,"href":"https:\/\/www.pcnen.com\/portal\/wp-json\/wp\/v2\/tags?post=405360"}],"curies":[{"name":"wp","href":"https:\/\/api.w.org\/{rel}","templated":true}]}}