{"id":405345,"date":"2024-06-23T20:16:57","date_gmt":"2024-06-23T18:16:57","guid":{"rendered":"https:\/\/www.pcnen.com\/portal\/?p=405345"},"modified":"2024-06-23T20:16:57","modified_gmt":"2024-06-23T18:16:57","slug":"disciplinska-komisija-uefa-kaznila-albanskog-reprezentativca","status":"publish","type":"post","link":"https:\/\/www.pcnen.com\/portal\/2024\/06\/23\/disciplinska-komisija-uefa-kaznila-albanskog-reprezentativca\/","title":{"rendered":"Disciplinska komisija UEFA kaznila albanskog reprezentativca"},"content":{"rendered":"<p>Zbog vrije\u0111anja Srbije, disciplinska komisija Evropske fudbalske unije je suspendovala reprezentativca Albanije Mirlinda Dakua sa naredne dvije utakmice<\/p>\n<p>&#8220;Disciplinska komisija je suspendovala Mirlinda Dakua na ukupno dvije utakmice reprezentativnog timskog takmi\u010denja UEFA za koje bi ina\u010de imao pravo igranja, zbog nepo\u0161tovanja op\u0161tih principa pona\u0161anja i zbog kr\u0161enja osnovnih pravila pristojnog pona\u0161anja, kao i za kori\u0161\u0107enje sportskih priredbi za manifestacije nesportskog karaktera&#8221;, navodi se u zvani\u010dnom saop\u0161tenju, prenosi RT.<\/p>\n<p>Daku je u srijedu poslije utakmice protiv Hrvatske uzeo megafon i sa navija\u010dima zapo\u010deo skandiranje. Me\u0111u parolama se moglo \u010duti i &#8220;Ubij Srbina&#8221;, kao i vrije\u0111anje Sjeverne Makedonije.<\/p>\n<blockquote class=\"wp-embedded-content\" data-secret=\"MYmvjvxP2A\"><p><a href=\"https:\/\/www.pcnen.com\/portal\/2024\/06\/20\/fss-trazi-kazne-za-fs-hrvatske-i-albanije\/\">FSS tra\u017ei kazne za FS Hrvatske i Albanije<\/a><\/p><\/blockquote>\n<p><iframe loading=\"lazy\" class=\"wp-embedded-content\" sandbox=\"allow-scripts\" security=\"restricted\" style=\"position: absolute; clip: rect(1px, 1px, 1px, 1px);\" title=\"&#8220;FSS tra\u017ei kazne za FS Hrvatske i Albanije&#8221; &#8212; PCNEN\" src=\"https:\/\/www.pcnen.com\/portal\/2024\/06\/20\/fss-trazi-kazne-za-fs-hrvatske-i-albanije\/embed\/#?secret=15oTnYPQnI#?secret=MYmvjvxP2A\" data-secret=\"MYmvjvxP2A\" width=\"600\" height=\"338\" frameborder=\"0\" marginwidth=\"0\" marginheight=\"0\" scrolling=\"no\"><\/iframe><\/p>\n","protected":false},"excerpt":{"rendered":"<p>Zbog vrije\u0111anja Srbije, disciplinska komisija Evropske fudbalske unije je suspendovala reprezentativca Albanije Mirlinda Dakua sa naredne dvije utakmice<\/p>\n","protected":false},"author":1,"featured_media":405348,"comment_status":"open","ping_status":"closed","sticky":false,"template":"","format":"standard","meta":{"_seopress_robots_primary_cat":"none","_seopress_titles_title":"","_seopress_titles_desc":"","_seopress_robots_index":"","_et_pb_use_builder":"","_et_pb_old_content":"","_et_gb_content_width":"","inline_featured_image":false,"footnotes":""},"categories":[14],"tags":[],"class_list":["post-405345","post","type-post","status-publish","format-standard","has-post-thumbnail","hentry","category-vijesti"],"_links":{"self":[{"href":"https:\/\/www.pcnen.com\/portal\/wp-json\/wp\/v2\/posts\/405345","targetHints":{"allow":["GET"]}}],"collection":[{"href":"https:\/\/www.pcnen.com\/portal\/wp-json\/wp\/v2\/posts"}],"about":[{"href":"https:\/\/www.pcnen.com\/portal\/wp-json\/wp\/v2\/types\/post"}],"author":[{"embeddable":true,"href":"https:\/\/www.pcnen.com\/portal\/wp-json\/wp\/v2\/users\/1"}],"replies":[{"embeddable":true,"href":"https:\/\/www.pcnen.com\/portal\/wp-json\/wp\/v2\/comments?post=405345"}],"version-history":[{"count":1,"href":"https:\/\/www.pcnen.com\/portal\/wp-json\/wp\/v2\/posts\/405345\/revisions"}],"predecessor-version":[{"id":405349,"href":"https:\/\/www.pcnen.com\/portal\/wp-json\/wp\/v2\/posts\/405345\/revisions\/405349"}],"wp:featuredmedia":[{"embeddable":true,"href":"https:\/\/www.pcnen.com\/portal\/wp-json\/wp\/v2\/media\/405348"}],"wp:attachment":[{"href":"https:\/\/www.pcnen.com\/portal\/wp-json\/wp\/v2\/media?parent=405345"}],"wp:term":[{"taxonomy":"category","embeddable":true,"href":"https:\/\/www.pcnen.com\/portal\/wp-json\/wp\/v2\/categories?post=405345"},{"taxonomy":"post_tag","embeddable":true,"href":"https:\/\/www.pcnen.com\/portal\/wp-json\/wp\/v2\/tags?post=405345"}],"curies":[{"name":"wp","href":"https:\/\/api.w.org\/{rel}","templated":true}]}}