{"id":405339,"date":"2024-06-23T19:54:27","date_gmt":"2024-06-23T17:54:27","guid":{"rendered":"https:\/\/www.pcnen.com\/portal\/?p=405339"},"modified":"2024-06-23T19:56:37","modified_gmt":"2024-06-23T17:56:37","slug":"glumcu-i-piscu-fedji-stukanu-zabranjen-ulazak-u-srbiju","status":"publish","type":"post","link":"https:\/\/www.pcnen.com\/portal\/2024\/06\/23\/glumcu-i-piscu-fedji-stukanu-zabranjen-ulazak-u-srbiju\/","title":{"rendered":"Glumcu i piscu Fe\u0111i \u0160tukanu zabranjen ulazak u Srbiju"},"content":{"rendered":"<p>Glumac i knji\u017eevnik <a href=\"https:\/\/www.biografija.org\/film\/fedja-stukan\/\" target=\"_blank\" rel=\"noopener\">Fe\u0111a \u0160tukan<\/a>, koji je trebalo da gostuje na festivalu &#8216;<a href=\"https:\/\/www.krokodil.rs\/2024\/05\/xvi-festival-krokodil-gimme-shelter-21-23-jun-2024\/\" target=\"_blank\" rel=\"noopener\">Krokodil<\/a>&#8216;, priveden je danas na aerodromu &#8220;Nikola Tesla&#8221; u Beogradu.<\/p>\n<p>\u0160tukanu su, kako su rekli iz &#8216;Krokodila&#8217;, oduzeli paso\u0161 i odveli ga u detenciju. Ujutru \u0107e ga deportovati nazad u BiH jer mu lokalne vlasti ne dozvoljavaju ulazak u Srbiju.<\/p>\n<p>\u0160tukan je tek danas dobio rje\u0161enje da mu je zabranjen ulazak u Srbiju.<\/p>\n<p>Sredinom juna pro\u0161le godine bh. glumac je zadr\u017ean na grani\u010dnom prelazu izme\u0111u BiH i Srbije nekoliko sati. Bilo je to odmah nakon \u0161to je najprije podr\u017eao proteste \u201eSrbija protiv nasilja\u201c, a potom i prisustvovao protestnoj \u0161etnji u Beogradu.<\/p>\n<p>Ubrzo ga je predsjednik Srbije Aleksandar Vu\u010di\u0107 nazvao \u201ekriminalcem\u201c, a dnevni list \u201ePolitika\u201c \u2013 \u201emuslimanskim ekstremistom\u201c, podsje\u0107a portal nova.rs.<\/p>\n<p>\u0160tukan je za N1 krajem januara ove godine rekao da o zabrani ulaska u Srbiju nikad ni\u0161ta zvani\u010dno nije saznao.<\/p>\n<p>&nbsp;<\/p>\n","protected":false},"excerpt":{"rendered":"<p>\u0160tukanu su oduzeli paso\u0161 i odveli ga u detenciju. Ujutru \u0107e ga deportovati nazad u BiH jer mu lokalne vlasti ne dozvoljavaju ulazak u Srbiju<\/p>\n","protected":false},"author":1,"featured_media":405342,"comment_status":"open","ping_status":"closed","sticky":false,"template":"","format":"standard","meta":{"_seopress_robots_primary_cat":"none","_seopress_titles_title":"","_seopress_titles_desc":"","_seopress_robots_index":"","_et_pb_use_builder":"","_et_pb_old_content":"","_et_gb_content_width":"","inline_featured_image":false,"footnotes":""},"categories":[14],"tags":[],"class_list":["post-405339","post","type-post","status-publish","format-standard","has-post-thumbnail","hentry","category-vijesti"],"_links":{"self":[{"href":"https:\/\/www.pcnen.com\/portal\/wp-json\/wp\/v2\/posts\/405339","targetHints":{"allow":["GET"]}}],"collection":[{"href":"https:\/\/www.pcnen.com\/portal\/wp-json\/wp\/v2\/posts"}],"about":[{"href":"https:\/\/www.pcnen.com\/portal\/wp-json\/wp\/v2\/types\/post"}],"author":[{"embeddable":true,"href":"https:\/\/www.pcnen.com\/portal\/wp-json\/wp\/v2\/users\/1"}],"replies":[{"embeddable":true,"href":"https:\/\/www.pcnen.com\/portal\/wp-json\/wp\/v2\/comments?post=405339"}],"version-history":[{"count":2,"href":"https:\/\/www.pcnen.com\/portal\/wp-json\/wp\/v2\/posts\/405339\/revisions"}],"predecessor-version":[{"id":405344,"href":"https:\/\/www.pcnen.com\/portal\/wp-json\/wp\/v2\/posts\/405339\/revisions\/405344"}],"wp:featuredmedia":[{"embeddable":true,"href":"https:\/\/www.pcnen.com\/portal\/wp-json\/wp\/v2\/media\/405342"}],"wp:attachment":[{"href":"https:\/\/www.pcnen.com\/portal\/wp-json\/wp\/v2\/media?parent=405339"}],"wp:term":[{"taxonomy":"category","embeddable":true,"href":"https:\/\/www.pcnen.com\/portal\/wp-json\/wp\/v2\/categories?post=405339"},{"taxonomy":"post_tag","embeddable":true,"href":"https:\/\/www.pcnen.com\/portal\/wp-json\/wp\/v2\/tags?post=405339"}],"curies":[{"name":"wp","href":"https:\/\/api.w.org\/{rel}","templated":true}]}}