{"id":405335,"date":"2024-06-23T19:28:59","date_gmt":"2024-06-23T17:28:59","guid":{"rendered":"https:\/\/www.pcnen.com\/portal\/?p=405335"},"modified":"2024-06-23T19:28:59","modified_gmt":"2024-06-23T17:28:59","slug":"dr-popovic-koncentraciona-ili-vlada-vanrednog-stanja","status":"publish","type":"post","link":"https:\/\/www.pcnen.com\/portal\/2024\/06\/23\/dr-popovic-koncentraciona-ili-vlada-vanrednog-stanja\/","title":{"rendered":"Dr Popovi\u0107: Koncentraciona ili vlada vanrednog stanja"},"content":{"rendered":"<p>Univerzitetski profesor Dr Milan Popovi\u0107, aktuelni savjetnik potpredsjednika Vlade za politi\u010dki sistem, pravosu\u0111e i antikorupciju Moma Koprivice, se zalo\u017eio da najavljena rekonstrukcija Vlade Crne Gore dovede do koncentracione vlade &#8220;nacionalnog i evropskog jedinstva&#8221;. To bi, po njegovom mi\u0161ljenju, iznesenom u kolumni na stranicama nedjeljnika Monitor, bila &#8220;vlada u kojoj bi srazmerno u\u010destvovale sve partije koje su osvojile jedan ili vi\u0161e mandata na poslednjim parlamentarnim izborima 11. juna 2023&#8221;. On je tu vladu nazvao i vladom vanrednog stanja.<\/p>\n<p>&#8220;Pri tome bi morao da se re\u0161i jo\u0161 najmanje jedan su\u0161tinski a ne tek tehni\u010dki problem. Kako, naime, da u ovoj vladi, odnosno vlasti, u\u010destvuju i dva zna\u010dajna ali problemati\u010dna politi\u010dka subjekta. DPS i biv\u0161i DF. Problemati\u010dna zbog toga \u0161to su se ova dva subjekta ozbiljno samokompromitovala. Posebno DPS, politi\u010dkom podr\u0161kom crnogorskoj mafiokratiji u poslednjih vi\u0161e od trideset godina, ali i biv\u0161i DF, politi\u010dkom podr\u0161kom ni\u0161ta manje opasnoj srbijanskoj mafiokratiji u poslednjih nekoliko meseci. Kako neutralisati ovu njihovu prete\u0107u samokompromitaciju, u vladi \u010diji bi apsolutni prioritet morala bita upravo borba protiv mafiokratije, koja je samo druga strana evropskih integracije? Da li, naime, to obezbediti kontrolisanim u\u010de\u0161\u0107em ova dva subjekta direktno u vladi, ili samo zadr\u017eavanjem njihovih starih i eventualno dobijanjem novih pozicija po takozvanoj \u0161irini i dubini, ovo ostaje jedan od najve\u0107ih su\u0161tinskih a ne samo tehni\u010dkih problema pri sastavljanju ove i ovakve vlade&#8221;, pi\u0161e dr Popovi\u0107.<\/p>\n<p>On obja\u0161njava da se njegov predlog temelji na saznanju da se Crna Gora &#8220;ve\u0107 nekoliko godina nalazi u nekoj vrsti neobjavljenog poluvanrednog stanja&#8221;, kao i na postojanju prijetnje &#8220;da ona iz ovog i ovakvog stanja relativno brzo pre\u0111e u puno vanredno stanje i u ne\u0161to \u010dak mnogo, mnogo gore od toga&#8221;. Formiranje koncentracione vlade, smatra dr Popovi\u0107, bilo bi &#8220;jedna vrsta preventivne i delotvorne preventive&#8221;.<\/p>\n<p>&nbsp;<\/p>\n","protected":false},"excerpt":{"rendered":"<p>Univerzitetski profesor Dr Milan Popovi\u0107, aktuelni savjetnik potpredsjednika Vlade za politi\u010dki sistem, pravosu\u0111e i antikorupciju Moma Koprivice, se zalo\u017eio da najavljena rekonstrukcija Vlade Crne Gore dovede do koncentracione vlade &#8220;nacionalnog i evropskog jedinstva&#8221;<\/p>\n","protected":false},"author":1,"featured_media":337536,"comment_status":"open","ping_status":"closed","sticky":false,"template":"","format":"standard","meta":{"_seopress_robots_primary_cat":"none","_seopress_titles_title":"","_seopress_titles_desc":"","_seopress_robots_index":"","_et_pb_use_builder":"","_et_pb_old_content":"","_et_gb_content_width":"","inline_featured_image":false,"footnotes":""},"categories":[14],"tags":[],"class_list":["post-405335","post","type-post","status-publish","format-standard","has-post-thumbnail","hentry","category-vijesti"],"_links":{"self":[{"href":"https:\/\/www.pcnen.com\/portal\/wp-json\/wp\/v2\/posts\/405335","targetHints":{"allow":["GET"]}}],"collection":[{"href":"https:\/\/www.pcnen.com\/portal\/wp-json\/wp\/v2\/posts"}],"about":[{"href":"https:\/\/www.pcnen.com\/portal\/wp-json\/wp\/v2\/types\/post"}],"author":[{"embeddable":true,"href":"https:\/\/www.pcnen.com\/portal\/wp-json\/wp\/v2\/users\/1"}],"replies":[{"embeddable":true,"href":"https:\/\/www.pcnen.com\/portal\/wp-json\/wp\/v2\/comments?post=405335"}],"version-history":[{"count":1,"href":"https:\/\/www.pcnen.com\/portal\/wp-json\/wp\/v2\/posts\/405335\/revisions"}],"predecessor-version":[{"id":405338,"href":"https:\/\/www.pcnen.com\/portal\/wp-json\/wp\/v2\/posts\/405335\/revisions\/405338"}],"wp:featuredmedia":[{"embeddable":true,"href":"https:\/\/www.pcnen.com\/portal\/wp-json\/wp\/v2\/media\/337536"}],"wp:attachment":[{"href":"https:\/\/www.pcnen.com\/portal\/wp-json\/wp\/v2\/media?parent=405335"}],"wp:term":[{"taxonomy":"category","embeddable":true,"href":"https:\/\/www.pcnen.com\/portal\/wp-json\/wp\/v2\/categories?post=405335"},{"taxonomy":"post_tag","embeddable":true,"href":"https:\/\/www.pcnen.com\/portal\/wp-json\/wp\/v2\/tags?post=405335"}],"curies":[{"name":"wp","href":"https:\/\/api.w.org\/{rel}","templated":true}]}}